{"id":4002,"date":"2017-02-13T19:59:19","date_gmt":"2017-02-13T18:59:19","guid":{"rendered":"https:\/\/vita-gv.fr\/?p=4002"},"modified":"2025-05-02T11:26:13","modified_gmt":"2025-05-02T09:26:13","slug":"assemblee-generale-du-27-janvier-2017-n","status":"publish","type":"post","link":"https:\/\/vita-gv.fr\/index.php\/2017\/02\/13\/assemblee-generale-du-27-janvier-2017-n\/","title":{"rendered":"ASSEMBL\u00c9E G\u00c9N\u00c9RALE DU 27 JANVIER 2017"},"content":{"rendered":"<div class=\"fusion-fullwidth fullwidth-box fusion-builder-row-1 fusion-flex-container nonhundred-percent-fullwidth non-hundred-percent-height-scrolling\" style=\"--awb-border-radius-top-left:0px;--awb-border-radius-top-right:0px;--awb-border-radius-bottom-right:0px;--awb-border-radius-bottom-left:0px;--awb-flex-wrap:wrap;\" ><div class=\"fusion-builder-row fusion-row fusion-flex-align-items-flex-start fusion-flex-content-wrap\" style=\"max-width:1144px;margin-left: calc(-4% \/ 2 );margin-right: calc(-4% \/ 2 );\"><div class=\"fusion-layout-column fusion_builder_column fusion-builder-column-0 fusion_builder_column_1_3 1_3 fusion-flex-column\" style=\"--awb-bg-size:cover;--awb-width-large:33.333333333333%;--awb-margin-top-large:0px;--awb-spacing-right-large:3.8399999999999%;--awb-margin-bottom-large:20px;--awb-spacing-left-large:5.76%;--awb-width-medium:33.333333333333%;--awb-spacing-right-medium:3.8399999999999%;--awb-spacing-left-medium:5.76%;--awb-width-small:100%;--awb-spacing-right-small:1.92%;--awb-spacing-left-small:1.92%;\"><div class=\"fusion-column-wrapper fusion-column-has-shadow fusion-flex-justify-content-flex-start fusion-content-layout-column\"><div class=\"fusion-separator fusion-full-width-sep\" style=\"align-self: center;margin-left: auto;margin-right: auto;margin-top:30px;margin-bottom:30px;width:100%;\"><div class=\"fusion-separator-border sep-double\" style=\"--awb-height:20px;--awb-amount:20px;--awb-sep-color:#ffc107;border-color:#ffc107;border-top-width:1px;border-bottom-width:1px;\"><\/div><\/div><div class=\"awb-gallery-wrapper awb-gallery-wrapper-1 button-span-no\"><div style=\"margin:-5px;--awb-bordersize:3px;\" class=\"fusion-gallery fusion-gallery-container fusion-grid-1 fusion-columns-total-1 fusion-gallery-layout-grid fusion-gallery-1\"><div style=\"padding:5px;\" class=\"fusion-grid-column fusion-gallery-column fusion-gallery-column-1 hover-type-none\"><div class=\"fusion-gallery-image\"><a href=\"https:\/\/vita-gv.fr\/wp-content\/uploads\/2019\/09\/AG-du-27-janvier-2017-DSC09449.jpg\" data-title=\"AG du 27 janvier 2017 DSC09449\" title=\"AG du 27 janvier 2017 DSC09449\" rel=\"noreferrer\" data-rel=\"iLightbox[gallery_image_1]\" class=\"fusion-lightbox\" target=\"_self\"><img decoding=\"async\" src=\"https:\/\/vita-gv.fr\/wp-content\/uploads\/2019\/09\/AG-du-27-janvier-2017-DSC09449.jpg\" width=\"614\" height=\"418\" alt=\"\" title=\"AG du 27 janvier 2017 DSC09449\" aria-label=\"AG du 27 janvier 2017 DSC09449\" class=\"img-responsive wp-image-4004\" srcset=\"https:\/\/vita-gv.fr\/wp-content\/uploads\/2019\/09\/AG-du-27-janvier-2017-DSC09449-200x136.jpg 200w, https:\/\/vita-gv.fr\/wp-content\/uploads\/2019\/09\/AG-du-27-janvier-2017-DSC09449-400x272.jpg 400w, https:\/\/vita-gv.fr\/wp-content\/uploads\/2019\/09\/AG-du-27-janvier-2017-DSC09449-600x408.jpg 600w, https:\/\/vita-gv.fr\/wp-content\/uploads\/2019\/09\/AG-du-27-janvier-2017-DSC09449.jpg 614w\" sizes=\"(min-width: 2200px) 100vw, (min-width: 640px) 1100px, \" \/><\/a><\/div><\/div><div class=\"clearfix\"><\/div><\/div><\/div><div class=\"fusion-text fusion-text-1\"><p>&nbsp;<\/p>\n<p style=\"text-align: center;\"><strong><span style=\"color: #ff9900;\">A l&rsquo;issue de l&rsquo;Assembl\u00e9e G\u00e9n\u00e9rale,<\/span><\/strong><br \/>\n<strong><span style=\"color: #ff9900;\">Claire prend la parole et souligne<\/span><\/strong><br \/>\n<strong><span style=\"color: #ff9900;\">combien le Comit\u00e9 Directeur de Vita-GV<\/span><\/strong><br \/>\n<strong><span style=\"color: #ff9900;\">est fier et heureux de l&rsquo;engagement<\/span><\/strong><br \/>\n<strong><span style=\"color: #ff9900;\">de Didier Garabedian au sein du Club<\/span><\/strong><br \/>\n<strong><span style=\"color: #ff9900;\">et le remercie d&rsquo;assurer la Pr\u00e9sidence<\/span><\/strong><br \/>\n<strong><span style=\"color: #ff9900;\">pour les 4 prochaines ann\u00e9es.<\/span><\/strong><\/p>\n<\/div><div class=\"fusion-separator fusion-full-width-sep\" style=\"align-self: center;margin-left: auto;margin-right: auto;width:100%;\"><div class=\"fusion-separator-border sep-double\" style=\"--awb-height:20px;--awb-amount:20px;--awb-sep-color:#ffc107;border-color:#ffc107;border-top-width:1px;border-bottom-width:1px;\"><\/div><\/div><\/div><\/div><div class=\"fusion-layout-column fusion_builder_column fusion-builder-column-1 fusion_builder_column_2_3 2_3 fusion-flex-column\" style=\"--awb-bg-size:cover;--awb-width-large:66.666666666667%;--awb-margin-top-large:0px;--awb-spacing-right-large:2.88%;--awb-margin-bottom-large:20px;--awb-spacing-left-large:3.84%;--awb-width-medium:66.666666666667%;--awb-spacing-right-medium:2.88%;--awb-spacing-left-medium:3.84%;--awb-width-small:100%;--awb-spacing-right-small:1.92%;--awb-spacing-left-small:1.92%;\"><div class=\"fusion-column-wrapper fusion-column-has-shadow fusion-flex-justify-content-flex-start fusion-content-layout-column\"><div class=\"fusion-text fusion-text-2\"><h2 style=\"text-align: center;\"><span style=\"color: #333333;\"><strong>L&rsquo;ASSEMBL\u00c9E G\u00c9N\u00c9RALE ORDINAIRE de Vita-GV <\/strong><\/span><\/h2>\n<h2 style=\"text-align: center;\"><span style=\"color: #333333;\"><strong>s\u2019est tenue le vendredi 27 janvier 2017 <\/strong><\/span><\/h2>\n<h2 style=\"text-align: center;\"><span style=\"color: #333333;\"><strong>\u00e0 la Maison des Associations de Vincennes<\/strong><\/span><\/h2>\n<p>&nbsp;<\/p>\n<p>&nbsp;<\/p>\n<p><strong>Didier GARABEDIAN<\/strong>, Pr\u00e9sident de Vita-GV, d\u00e9clare ouverte \u00e0 18 h 40 l\u2019Assembl\u00e9e G\u00e9n\u00e9rale ordinaire. Il remercie les adh\u00e9rents dont la pr\u00e9sence atteste l\u2019int\u00e9r\u00eat qu\u2019ils portent \u00e0 Vita-GV.<\/p>\n<p>Il remercie les invit\u00e9s : Mme Annick VOISIN, Maire Adjointe, charg\u00e9e des Sports et de l\u2019International, M. R\u00e9gis TOURNE, Pr\u00e9sident du Comit\u00e9 Consultatif des Sports de la ville de Vincennes, Bernard HAUSSMANN, Pr\u00e9sident du Comit\u00e9 D\u00e9partemental du Val-de-Marne (CODEP), Dominique GUERIN, Pr\u00e9sidente de Gym V pour Tous ainsi que les 2 derniers Pr\u00e9sidents de Vita-GV, Raymond FILLATRE et Claudine CHAMPION.<\/p>\n<p>Sont excus\u00e9s : M. Laurent LAFONT, Maire de Vincennes, Philippe OTTRIA, Tr\u00e9sorier Adjoint de Vita-GV et Christian HEDOUIN, membre d\u2019honneur.<\/p>\n<p>Didier rappelle que notre association est adh\u00e9rente \u00e0 la FFEPGV (F\u00e9d\u00e9ration Fran\u00e7aise d\u2019Education Physique et de Gymnastique Volontaire), la 5<sup>e<\/sup> plus importante f\u00e9d\u00e9ration sportive en France avec plus de 500 000 adh\u00e9rents, tous sports confondus et souligne que la pratique d\u2019un sport au sein de l\u2019EPGV et de VITA-GV est synonyme de Sport Sant\u00e9, Sport pour Tous, Convivialit\u00e9 et Respect des R\u00e8gles. Gr\u00e2ce \u00e0 notre adh\u00e9sion \u00e0 la FFEPGV, Vita-GV obtient les licences pour ses adh\u00e9rents et peut demander des subventions au CNDS (Centre National pour le D\u00e9veloppement du Sport) pour des projets qui sont mont\u00e9s dans le Club. Le CNDS est venu contr\u00f4ler l\u2019utilisation de la subvention obtenue l\u2019ann\u00e9e derni\u00e8re. Il a constat\u00e9 que le projet \u00e9tait int\u00e9ressant et l\u2019attribution justifi\u00e9e.<\/p>\n<p style=\"text-align: center;\"><span style=\"color: #333333;\"><strong>LA PAROLE EST DONN\u00c9E AUX INVIT\u00c9S<\/strong><\/span><\/p>\n<p><strong>Annick VOISIN<\/strong>, Maire Adjointe, charg\u00e9e des Sports, est une fois de plus ravie d\u2019\u00eatre avec nous ce soir car elle appr\u00e9cie particuli\u00e8rement l\u2019ambiance et l\u2019\u00e9tat d\u2019esprit de Vita-GV. Elle f\u00e9licite et remercie son Pr\u00e9sident, Didier, avec lequel elle entretient des relations de confiance, pour son esprit extr\u00eamement positif et sa fid\u00e8le pr\u00e9sence sur les manifestations de Vincennes.<\/p>\n<p><strong>Bernard HAUSSMAN<\/strong>, Pr\u00e9sident du CODEP 94 (Comit\u00e9 D\u00e9partemental du Val-de-Marne), remercie la ville de Vincennes d\u2019accueillir, dans ses locaux, les diff\u00e9rentes manifestations du CODEP. Bernard rappelle que le CODEP regroupe, sur l\u2019ensemble du d\u00e9partement, plus de 30 clubs affili\u00e9s \u00e0 l\u2019EPGV (soit environ 7 100 adh\u00e9rents) dont 5 clubs importants qui ont plus de 500 adh\u00e9rents. Bernard pr\u00e9cise que le CODEP aide les clubs et leur permet d\u2019avoir des relations au niveau d\u00e9partemental et r\u00e9gional. Le CODEP fait partie de la FFEPGV (la 5<sup>e<\/sup> f\u00e9d\u00e9ration sportive en France, tous sports confondus avec plus de 500 000 adh\u00e9rents) avec une particularit\u00e9 qui est reprise par beaucoup de f\u00e9d\u00e9rations, c\u2019est <strong>\u00ab\u00a0Le sport pour le bien-\u00eatre des individus, le sport pour \u00eatre bien dans sa t\u00eate et dans son corps\u00a0\u00bb.<\/strong><\/p>\n<p style=\"text-align: center;\"><strong><span style=\"color: #333333;\">Le Proc\u00e8s verbal de l\u2019Assembl\u00e9e G\u00e9n\u00e9rale du 29 janvier 2016,<\/span><\/strong><\/p>\n<p style=\"text-align: center;\"><strong> <span style=\"color: #333333;\"> Le rapport moral et d&rsquo;activit\u00e9s 2015-2016<\/span>,<\/strong><\/p>\n<p style=\"text-align: center;\"><strong> <span style=\"color: #333333;\"> Le rapport financier 2015-2016,<\/span><\/strong><\/p>\n<p style=\"text-align: center;\"><strong> <span style=\"color: #333333;\"> Les comptes 2015-2016,<\/span><\/strong><\/p>\n<p style=\"text-align: center;\"><strong><span style=\"color: #333333;\">Le renouvellement du mandat des v\u00e9rificateurs confi\u00e9 \u00e0 Claudine CHAMPION et \u00e0 Sylviane TEODORCZYK,<\/span><\/strong><\/p>\n<p style=\"text-align: center;\"><strong> <span style=\"color: #333333;\">Les r\u00e9alisations pr\u00e9visionnelles 2016-2017 et le budget 2017-2018,<\/span><\/strong><\/p>\n<p style=\"text-align: center;\"><strong> <span style=\"color: #333333;\">La candidature de Lynka GALLERIN pour repr\u00e9senter Vita-GV \u00e0 l\u2019AG du CODEP 94 le 25 f\u00e9vrier 2017,<\/span><\/strong><\/p>\n<p style=\"text-align: center;\"><strong> <span style=\"color: #333333;\">ONT \u00c9T\u00c9 APPROUV\u00c9S A L&rsquo;UNANIMIT\u00c9 DES PR\u00c9SENTS ET REPR\u00c9SENT\u00c9S.<\/span><\/strong><\/p>\n<p style=\"text-align: center;\"><span style=\"color: #333333;\"><strong>ELECTION DU COMITE DIRECTEUR<\/strong><\/span><\/p>\n<p style=\"text-align: center;\"><span style=\"color: #333333;\"><strong>Claire SAMARAS, Secr\u00e9taire, Lynka GALLERIN, Tr\u00e9sori\u00e8re, Philippe OTTRIA, Tr\u00e9sorier Adjoint, Anne LAGRIFFOUL et Jean-Michel MORIN<\/strong><\/span><\/p>\n<p style=\"text-align: center;\"><span style=\"color: #333333;\"><strong>ONT \u00c9T\u00c9 ELUS \u00c0 L&rsquo;UNANIMIT\u00c9 DES PR\u00c9SENTS ET REPR\u00c9SENT\u00c9S<\/strong><\/span><\/p>\n<p style=\"text-align: center;\"><span style=\"color: #333333;\"><strong>LA NOMINATION DE DIDIER GARABEDIAN, EN TANT QUE PR\u00c9SIDENT DE VITA-GV <\/strong><\/span><\/p>\n<p style=\"text-align: center;\"><span style=\"color: #333333;\"><strong>A \u00c9T\u00c9 APPROUV\u00c9E \u00c0 L&rsquo;UNANIMIT\u00c9 DES PR\u00c9SENTS ET REPR\u00c9SENT\u00c9S<\/strong><\/span><\/p>\n<p>Au nom du Comit\u00e9 Directeur, <strong>Claire SAMARAS<\/strong> prend la parole pour remercier Didier d\u2019accepter, pour 4 nouvelles ann\u00e9es, la Pr\u00e9sidence de Vita-GV.<\/p>\n<p>L&rsquo;ordre du jour \u00e9tant \u00e9puis\u00e9 et plus personne ne demandant la parole, la s\u00e9ance est lev\u00e9e \u00e0 20 h. Le Pr\u00e9sident invite les personnes pr\u00e9sentes \u00e0 se diriger vers le buffet pour un cocktail de l\u2019amiti\u00e9.<\/p>\n<p><span style=\"color: #333333;\"><strong>Claire<\/strong><\/span><\/p>\n<\/div><\/div><\/div><\/div><\/div>\n","protected":false},"excerpt":{"rendered":"","protected":false},"author":1,"featured_media":4004,"comment_status":"closed","ping_status":"open","sticky":false,"template":"","format":"standard","meta":{"footnotes":""},"categories":[4],"tags":[],"class_list":["post-4002","post","type-post","status-publish","format-standard","has-post-thumbnail","hentry","category-reunions"],"yoast_head":"<!-- This site is optimized with the Yoast SEO plugin v26.9 - https:\/\/yoast.com\/product\/yoast-seo-wordpress\/ -->\n<title>ASSEMBL\u00c9E G\u00c9N\u00c9RALE DU 27 JANVIER 2017 - VITA-GV<\/title>\n<meta name=\"robots\" content=\"index, follow, max-snippet:-1, max-image-preview:large, max-video-preview:-1\" \/>\n<link rel=\"canonical\" href=\"https:\/\/vita-gv.fr\/index.php\/2017\/02\/13\/assemblee-generale-du-27-janvier-2017-n\/\" \/>\n<meta property=\"og:locale\" content=\"fr_FR\" \/>\n<meta property=\"og:type\" content=\"article\" \/>\n<meta property=\"og:title\" content=\"ASSEMBL\u00c9E G\u00c9N\u00c9RALE DU 27 JANVIER 2017 - VITA-GV\" \/>\n<meta property=\"og:url\" content=\"https:\/\/vita-gv.fr\/index.php\/2017\/02\/13\/assemblee-generale-du-27-janvier-2017-n\/\" \/>\n<meta property=\"og:site_name\" content=\"VITA-GV\" \/>\n<meta property=\"article:published_time\" content=\"2017-02-13T18:59:19+00:00\" \/>\n<meta property=\"article:modified_time\" content=\"2025-05-02T09:26:13+00:00\" \/>\n<meta property=\"og:image\" content=\"https:\/\/vita-gv.fr\/wp-content\/uploads\/2019\/09\/AG-du-27-janvier-2017-DSC09449.jpg\" \/>\n\t<meta property=\"og:image:width\" content=\"614\" \/>\n\t<meta property=\"og:image:height\" content=\"418\" \/>\n\t<meta property=\"og:image:type\" content=\"image\/jpeg\" \/>\n<meta name=\"author\" content=\"admin5947\" \/>\n<meta name=\"twitter:card\" content=\"summary_large_image\" \/>\n<meta name=\"twitter:label1\" content=\"\u00c9crit par\" \/>\n\t<meta name=\"twitter:data1\" content=\"admin5947\" \/>\n\t<meta name=\"twitter:label2\" content=\"Dur\u00e9e de lecture estim\u00e9e\" \/>\n\t<meta name=\"twitter:data2\" content=\"6 minutes\" \/>\n<script type=\"application\/ld+json\" class=\"yoast-schema-graph\">{\"@context\":\"https:\/\/schema.org\",\"@graph\":[{\"@type\":\"Article\",\"@id\":\"https:\/\/vita-gv.fr\/index.php\/2017\/02\/13\/assemblee-generale-du-27-janvier-2017-n\/#article\",\"isPartOf\":{\"@id\":\"https:\/\/vita-gv.fr\/index.php\/2017\/02\/13\/assemblee-generale-du-27-janvier-2017-n\/\"},\"author\":{\"name\":\"admin5947\",\"@id\":\"https:\/\/vita-gv.fr\/#\/schema\/person\/ec99f45ad7b80175458c6dc821c0eb6c\"},\"headline\":\"ASSEMBL\u00c9E G\u00c9N\u00c9RALE DU 27 JANVIER 2017\",\"datePublished\":\"2017-02-13T18:59:19+00:00\",\"dateModified\":\"2025-05-02T09:26:13+00:00\",\"mainEntityOfPage\":{\"@id\":\"https:\/\/vita-gv.fr\/index.php\/2017\/02\/13\/assemblee-generale-du-27-janvier-2017-n\/\"},\"wordCount\":1221,\"publisher\":{\"@id\":\"https:\/\/vita-gv.fr\/#organization\"},\"image\":{\"@id\":\"https:\/\/vita-gv.fr\/index.php\/2017\/02\/13\/assemblee-generale-du-27-janvier-2017-n\/#primaryimage\"},\"thumbnailUrl\":\"https:\/\/vita-gv.fr\/wp-content\/uploads\/2019\/09\/AG-du-27-janvier-2017-DSC09449.jpg\",\"articleSection\":[\"REUNIONS VITA-GV\"],\"inLanguage\":\"fr-FR\"},{\"@type\":\"WebPage\",\"@id\":\"https:\/\/vita-gv.fr\/index.php\/2017\/02\/13\/assemblee-generale-du-27-janvier-2017-n\/\",\"url\":\"https:\/\/vita-gv.fr\/index.php\/2017\/02\/13\/assemblee-generale-du-27-janvier-2017-n\/\",\"name\":\"ASSEMBL\u00c9E G\u00c9N\u00c9RALE DU 27 JANVIER 2017 - VITA-GV\",\"isPartOf\":{\"@id\":\"https:\/\/vita-gv.fr\/#website\"},\"primaryImageOfPage\":{\"@id\":\"https:\/\/vita-gv.fr\/index.php\/2017\/02\/13\/assemblee-generale-du-27-janvier-2017-n\/#primaryimage\"},\"image\":{\"@id\":\"https:\/\/vita-gv.fr\/index.php\/2017\/02\/13\/assemblee-generale-du-27-janvier-2017-n\/#primaryimage\"},\"thumbnailUrl\":\"https:\/\/vita-gv.fr\/wp-content\/uploads\/2019\/09\/AG-du-27-janvier-2017-DSC09449.jpg\",\"datePublished\":\"2017-02-13T18:59:19+00:00\",\"dateModified\":\"2025-05-02T09:26:13+00:00\",\"breadcrumb\":{\"@id\":\"https:\/\/vita-gv.fr\/index.php\/2017\/02\/13\/assemblee-generale-du-27-janvier-2017-n\/#breadcrumb\"},\"inLanguage\":\"fr-FR\",\"potentialAction\":[{\"@type\":\"ReadAction\",\"target\":[\"https:\/\/vita-gv.fr\/index.php\/2017\/02\/13\/assemblee-generale-du-27-janvier-2017-n\/\"]}]},{\"@type\":\"ImageObject\",\"inLanguage\":\"fr-FR\",\"@id\":\"https:\/\/vita-gv.fr\/index.php\/2017\/02\/13\/assemblee-generale-du-27-janvier-2017-n\/#primaryimage\",\"url\":\"https:\/\/vita-gv.fr\/wp-content\/uploads\/2019\/09\/AG-du-27-janvier-2017-DSC09449.jpg\",\"contentUrl\":\"https:\/\/vita-gv.fr\/wp-content\/uploads\/2019\/09\/AG-du-27-janvier-2017-DSC09449.jpg\",\"width\":614,\"height\":418},{\"@type\":\"BreadcrumbList\",\"@id\":\"https:\/\/vita-gv.fr\/index.php\/2017\/02\/13\/assemblee-generale-du-27-janvier-2017-n\/#breadcrumb\",\"itemListElement\":[{\"@type\":\"ListItem\",\"position\":1,\"name\":\"Accueil\",\"item\":\"https:\/\/vita-gv.fr\/\"},{\"@type\":\"ListItem\",\"position\":2,\"name\":\"ASSEMBL\u00c9E G\u00c9N\u00c9RALE DU 27 JANVIER 2017\"}]},{\"@type\":\"WebSite\",\"@id\":\"https:\/\/vita-gv.fr\/#website\",\"url\":\"https:\/\/vita-gv.fr\/\",\"name\":\"VITA-GV\",\"description\":\"Gymnastique volontaire de Vincennes\",\"publisher\":{\"@id\":\"https:\/\/vita-gv.fr\/#organization\"},\"potentialAction\":[{\"@type\":\"SearchAction\",\"target\":{\"@type\":\"EntryPoint\",\"urlTemplate\":\"https:\/\/vita-gv.fr\/?s={search_term_string}\"},\"query-input\":{\"@type\":\"PropertyValueSpecification\",\"valueRequired\":true,\"valueName\":\"search_term_string\"}}],\"inLanguage\":\"fr-FR\"},{\"@type\":\"Organization\",\"@id\":\"https:\/\/vita-gv.fr\/#organization\",\"name\":\"VITA-GV\",\"url\":\"https:\/\/vita-gv.fr\/\",\"logo\":{\"@type\":\"ImageObject\",\"inLanguage\":\"fr-FR\",\"@id\":\"https:\/\/vita-gv.fr\/#\/schema\/logo\/image\/\",\"url\":\"https:\/\/vita-gv.fr\/wp-content\/uploads\/2018\/04\/logo-QCLSS-17-21-A094002-COULEUR.jpeg\",\"contentUrl\":\"https:\/\/vita-gv.fr\/wp-content\/uploads\/2018\/04\/logo-QCLSS-17-21-A094002-COULEUR.jpeg\",\"width\":476,\"height\":693,\"caption\":\"VITA-GV\"},\"image\":{\"@id\":\"https:\/\/vita-gv.fr\/#\/schema\/logo\/image\/\"}},{\"@type\":\"Person\",\"@id\":\"https:\/\/vita-gv.fr\/#\/schema\/person\/ec99f45ad7b80175458c6dc821c0eb6c\",\"name\":\"admin5947\",\"image\":{\"@type\":\"ImageObject\",\"inLanguage\":\"fr-FR\",\"@id\":\"https:\/\/vita-gv.fr\/#\/schema\/person\/image\/\",\"url\":\"https:\/\/secure.gravatar.com\/avatar\/d7c35d0140468ac4063a5ac8fe7abd4764a6cd72fe33a534b055a084329bdcac?s=96&d=mm&r=g\",\"contentUrl\":\"https:\/\/secure.gravatar.com\/avatar\/d7c35d0140468ac4063a5ac8fe7abd4764a6cd72fe33a534b055a084329bdcac?s=96&d=mm&r=g\",\"caption\":\"admin5947\"},\"url\":\"https:\/\/vita-gv.fr\/index.php\/author\/admin5947\/\"}]}<\/script>\n<!-- \/ Yoast SEO plugin. -->","yoast_head_json":{"title":"ASSEMBL\u00c9E G\u00c9N\u00c9RALE DU 27 JANVIER 2017 - VITA-GV","robots":{"index":"index","follow":"follow","max-snippet":"max-snippet:-1","max-image-preview":"max-image-preview:large","max-video-preview":"max-video-preview:-1"},"canonical":"https:\/\/vita-gv.fr\/index.php\/2017\/02\/13\/assemblee-generale-du-27-janvier-2017-n\/","og_locale":"fr_FR","og_type":"article","og_title":"ASSEMBL\u00c9E G\u00c9N\u00c9RALE DU 27 JANVIER 2017 - VITA-GV","og_url":"https:\/\/vita-gv.fr\/index.php\/2017\/02\/13\/assemblee-generale-du-27-janvier-2017-n\/","og_site_name":"VITA-GV","article_published_time":"2017-02-13T18:59:19+00:00","article_modified_time":"2025-05-02T09:26:13+00:00","og_image":[{"width":614,"height":418,"url":"https:\/\/vita-gv.fr\/wp-content\/uploads\/2019\/09\/AG-du-27-janvier-2017-DSC09449.jpg","type":"image\/jpeg"}],"author":"admin5947","twitter_card":"summary_large_image","twitter_misc":{"\u00c9crit par":"admin5947","Dur\u00e9e de lecture estim\u00e9e":"6 minutes"},"schema":{"@context":"https:\/\/schema.org","@graph":[{"@type":"Article","@id":"https:\/\/vita-gv.fr\/index.php\/2017\/02\/13\/assemblee-generale-du-27-janvier-2017-n\/#article","isPartOf":{"@id":"https:\/\/vita-gv.fr\/index.php\/2017\/02\/13\/assemblee-generale-du-27-janvier-2017-n\/"},"author":{"name":"admin5947","@id":"https:\/\/vita-gv.fr\/#\/schema\/person\/ec99f45ad7b80175458c6dc821c0eb6c"},"headline":"ASSEMBL\u00c9E G\u00c9N\u00c9RALE DU 27 JANVIER 2017","datePublished":"2017-02-13T18:59:19+00:00","dateModified":"2025-05-02T09:26:13+00:00","mainEntityOfPage":{"@id":"https:\/\/vita-gv.fr\/index.php\/2017\/02\/13\/assemblee-generale-du-27-janvier-2017-n\/"},"wordCount":1221,"publisher":{"@id":"https:\/\/vita-gv.fr\/#organization"},"image":{"@id":"https:\/\/vita-gv.fr\/index.php\/2017\/02\/13\/assemblee-generale-du-27-janvier-2017-n\/#primaryimage"},"thumbnailUrl":"https:\/\/vita-gv.fr\/wp-content\/uploads\/2019\/09\/AG-du-27-janvier-2017-DSC09449.jpg","articleSection":["REUNIONS VITA-GV"],"inLanguage":"fr-FR"},{"@type":"WebPage","@id":"https:\/\/vita-gv.fr\/index.php\/2017\/02\/13\/assemblee-generale-du-27-janvier-2017-n\/","url":"https:\/\/vita-gv.fr\/index.php\/2017\/02\/13\/assemblee-generale-du-27-janvier-2017-n\/","name":"ASSEMBL\u00c9E G\u00c9N\u00c9RALE DU 27 JANVIER 2017 - VITA-GV","isPartOf":{"@id":"https:\/\/vita-gv.fr\/#website"},"primaryImageOfPage":{"@id":"https:\/\/vita-gv.fr\/index.php\/2017\/02\/13\/assemblee-generale-du-27-janvier-2017-n\/#primaryimage"},"image":{"@id":"https:\/\/vita-gv.fr\/index.php\/2017\/02\/13\/assemblee-generale-du-27-janvier-2017-n\/#primaryimage"},"thumbnailUrl":"https:\/\/vita-gv.fr\/wp-content\/uploads\/2019\/09\/AG-du-27-janvier-2017-DSC09449.jpg","datePublished":"2017-02-13T18:59:19+00:00","dateModified":"2025-05-02T09:26:13+00:00","breadcrumb":{"@id":"https:\/\/vita-gv.fr\/index.php\/2017\/02\/13\/assemblee-generale-du-27-janvier-2017-n\/#breadcrumb"},"inLanguage":"fr-FR","potentialAction":[{"@type":"ReadAction","target":["https:\/\/vita-gv.fr\/index.php\/2017\/02\/13\/assemblee-generale-du-27-janvier-2017-n\/"]}]},{"@type":"ImageObject","inLanguage":"fr-FR","@id":"https:\/\/vita-gv.fr\/index.php\/2017\/02\/13\/assemblee-generale-du-27-janvier-2017-n\/#primaryimage","url":"https:\/\/vita-gv.fr\/wp-content\/uploads\/2019\/09\/AG-du-27-janvier-2017-DSC09449.jpg","contentUrl":"https:\/\/vita-gv.fr\/wp-content\/uploads\/2019\/09\/AG-du-27-janvier-2017-DSC09449.jpg","width":614,"height":418},{"@type":"BreadcrumbList","@id":"https:\/\/vita-gv.fr\/index.php\/2017\/02\/13\/assemblee-generale-du-27-janvier-2017-n\/#breadcrumb","itemListElement":[{"@type":"ListItem","position":1,"name":"Accueil","item":"https:\/\/vita-gv.fr\/"},{"@type":"ListItem","position":2,"name":"ASSEMBL\u00c9E G\u00c9N\u00c9RALE DU 27 JANVIER 2017"}]},{"@type":"WebSite","@id":"https:\/\/vita-gv.fr\/#website","url":"https:\/\/vita-gv.fr\/","name":"VITA-GV","description":"Gymnastique volontaire de Vincennes","publisher":{"@id":"https:\/\/vita-gv.fr\/#organization"},"potentialAction":[{"@type":"SearchAction","target":{"@type":"EntryPoint","urlTemplate":"https:\/\/vita-gv.fr\/?s={search_term_string}"},"query-input":{"@type":"PropertyValueSpecification","valueRequired":true,"valueName":"search_term_string"}}],"inLanguage":"fr-FR"},{"@type":"Organization","@id":"https:\/\/vita-gv.fr\/#organization","name":"VITA-GV","url":"https:\/\/vita-gv.fr\/","logo":{"@type":"ImageObject","inLanguage":"fr-FR","@id":"https:\/\/vita-gv.fr\/#\/schema\/logo\/image\/","url":"https:\/\/vita-gv.fr\/wp-content\/uploads\/2018\/04\/logo-QCLSS-17-21-A094002-COULEUR.jpeg","contentUrl":"https:\/\/vita-gv.fr\/wp-content\/uploads\/2018\/04\/logo-QCLSS-17-21-A094002-COULEUR.jpeg","width":476,"height":693,"caption":"VITA-GV"},"image":{"@id":"https:\/\/vita-gv.fr\/#\/schema\/logo\/image\/"}},{"@type":"Person","@id":"https:\/\/vita-gv.fr\/#\/schema\/person\/ec99f45ad7b80175458c6dc821c0eb6c","name":"admin5947","image":{"@type":"ImageObject","inLanguage":"fr-FR","@id":"https:\/\/vita-gv.fr\/#\/schema\/person\/image\/","url":"https:\/\/secure.gravatar.com\/avatar\/d7c35d0140468ac4063a5ac8fe7abd4764a6cd72fe33a534b055a084329bdcac?s=96&d=mm&r=g","contentUrl":"https:\/\/secure.gravatar.com\/avatar\/d7c35d0140468ac4063a5ac8fe7abd4764a6cd72fe33a534b055a084329bdcac?s=96&d=mm&r=g","caption":"admin5947"},"url":"https:\/\/vita-gv.fr\/index.php\/author\/admin5947\/"}]}},"_links":{"self":[{"href":"https:\/\/vita-gv.fr\/index.php\/wp-json\/wp\/v2\/posts\/4002","targetHints":{"allow":["GET"]}}],"collection":[{"href":"https:\/\/vita-gv.fr\/index.php\/wp-json\/wp\/v2\/posts"}],"about":[{"href":"https:\/\/vita-gv.fr\/index.php\/wp-json\/wp\/v2\/types\/post"}],"author":[{"embeddable":true,"href":"https:\/\/vita-gv.fr\/index.php\/wp-json\/wp\/v2\/users\/1"}],"replies":[{"embeddable":true,"href":"https:\/\/vita-gv.fr\/index.php\/wp-json\/wp\/v2\/comments?post=4002"}],"version-history":[{"count":25,"href":"https:\/\/vita-gv.fr\/index.php\/wp-json\/wp\/v2\/posts\/4002\/revisions"}],"predecessor-version":[{"id":4029,"href":"https:\/\/vita-gv.fr\/index.php\/wp-json\/wp\/v2\/posts\/4002\/revisions\/4029"}],"wp:featuredmedia":[{"embeddable":true,"href":"https:\/\/vita-gv.fr\/index.php\/wp-json\/wp\/v2\/media\/4004"}],"wp:attachment":[{"href":"https:\/\/vita-gv.fr\/index.php\/wp-json\/wp\/v2\/media?parent=4002"}],"wp:term":[{"taxonomy":"category","embeddable":true,"href":"https:\/\/vita-gv.fr\/index.php\/wp-json\/wp\/v2\/categories?post=4002"},{"taxonomy":"post_tag","embeddable":true,"href":"https:\/\/vita-gv.fr\/index.php\/wp-json\/wp\/v2\/tags?post=4002"}],"curies":[{"name":"wp","href":"https:\/\/api.w.org\/{rel}","templated":true}]}}