{"id":3772,"date":"2019-02-09T19:07:45","date_gmt":"2019-02-09T18:07:45","guid":{"rendered":"http:\/\/vita-gv.fr\/?p=3772"},"modified":"2025-05-02T11:26:13","modified_gmt":"2025-05-02T09:26:13","slug":"ag-ordinaire-de-vita-gv-saison-2017-2018-du-14-decembre-2018","status":"publish","type":"post","link":"https:\/\/vita-gv.fr\/index.php\/2019\/02\/09\/ag-ordinaire-de-vita-gv-saison-2017-2018-du-14-decembre-2018\/","title":{"rendered":"AG Ordinaire de Vita-GV, Saison 2017-2018, du 14 d\u00e9cembre 2018"},"content":{"rendered":"<p><div class=\"fusion-fullwidth fullwidth-box fusion-builder-row-1 fusion-flex-container nonhundred-percent-fullwidth non-hundred-percent-height-scrolling\" style=\"--awb-border-radius-top-left:0px;--awb-border-radius-top-right:0px;--awb-border-radius-bottom-right:0px;--awb-border-radius-bottom-left:0px;--awb-flex-wrap:wrap;\" ><div class=\"fusion-builder-row fusion-row fusion-flex-align-items-flex-start fusion-flex-content-wrap\" style=\"max-width:1144px;margin-left: calc(-4% \/ 2 );margin-right: calc(-4% \/ 2 );\"><div class=\"fusion-layout-column fusion_builder_column fusion-builder-column-0 fusion_builder_column_1_3 1_3 fusion-flex-column\" style=\"--awb-bg-size:cover;--awb-width-large:33.333333333333%;--awb-margin-top-large:0px;--awb-spacing-right-large:3.8399999999999%;--awb-margin-bottom-large:20px;--awb-spacing-left-large:5.76%;--awb-width-medium:33.333333333333%;--awb-spacing-right-medium:3.8399999999999%;--awb-spacing-left-medium:5.76%;--awb-width-small:100%;--awb-spacing-right-small:1.92%;--awb-spacing-left-small:1.92%;\"><div class=\"fusion-column-wrapper fusion-flex-justify-content-flex-start fusion-content-layout-column\"><div class=\"fusion-image-element \" style=\"text-align:center;--awb-bottom-shadow-color:rgba(255,153,0,0.4);--awb-caption-title-font-family:var(--h2_typography-font-family);--awb-caption-title-font-weight:var(--h2_typography-font-weight);--awb-caption-title-font-style:var(--h2_typography-font-style);--awb-caption-title-size:var(--h2_typography-font-size);--awb-caption-title-transform:var(--h2_typography-text-transform);--awb-caption-title-line-height:var(--h2_typography-line-height);--awb-caption-title-letter-spacing:var(--h2_typography-letter-spacing);\"><div class=\"awb-image-frame awb-image-frame-1 awb-bottomshadow\"><span class=\" fusion-imageframe imageframe-bottomshadow imageframe-1 hover-type-none\" style=\"border:3px solid #ff9900;\"><img decoding=\"async\" width=\"587\" height=\"372\" title=\"AG Saison 2017-2018 P1120538\" src=\"http:\/\/vita-gv.fr\/wp-content\/uploads\/2019\/02\/AG-Saison-2017-2018-P1120538.jpg\" alt class=\"img-responsive wp-image-3755\" srcset=\"https:\/\/vita-gv.fr\/wp-content\/uploads\/2019\/02\/AG-Saison-2017-2018-P1120538-200x127.jpg 200w, https:\/\/vita-gv.fr\/wp-content\/uploads\/2019\/02\/AG-Saison-2017-2018-P1120538-400x253.jpg 400w, https:\/\/vita-gv.fr\/wp-content\/uploads\/2019\/02\/AG-Saison-2017-2018-P1120538.jpg 587w\" sizes=\"(max-width: 640px) 100vw, 400px\" \/><\/span><svg xmlns=\"http:\/\/www.w3.org\/2000\/svg\" version=\"1.1\" width=\"100%\" viewBox=\"0 0 600 28\" preserveAspectRatio=\"none\"><g clip-path=\"url(#a)\"><mask id=\"b\" style=\"mask-type:luminance\" maskUnits=\"userSpaceOnUse\" x=\"0\" y=\"0\" width=\"600\" height=\"28\"><path d=\"M0 0h600v28H0V0Z\" fill=\"#fff\"\/><\/mask><g filter=\"url(#c)\" mask=\"url(#b)\"><path d=\"M16.439-18.667h567.123v30.8S438.961-8.4 300-8.4C161.04-8.4 16.438 12.133 16.438 12.133v-30.8Z\" fill=\"#000\"\/><\/g><\/g><defs><clipPath id=\"a\"><path fill=\"#fff\" d=\"M0 0h600v28H0z\"\/><\/clipPath><filter id=\"c\" x=\"5.438\" y=\"-29.667\" width=\"589.123\" height=\"52.8\" filterUnits=\"userSpaceOnUse\" color-interpolation-filters=\"sRGB\"><feFlood flood-opacity=\"0\" result=\"BackgroundImageFix\"\/><feBlend in=\"SourceGraphic\" in2=\"BackgroundImageFix\" result=\"shape\"\/><feGaussianBlur stdDeviation=\"5.5\" result=\"effect1_foregroundBlur_3983_183\"\/><\/filter><\/defs><\/svg><\/div><\/div><div class=\"fusion-text fusion-text-1\"><h5 style=\"text-align: center;\"><strong><span style=\"color: #ff9900;\">Annick VOISIN, Maire Adjointe, charg\u00e9e des Sports, <\/span><\/strong><\/h5>\n<h5 style=\"text-align: center;\"><strong><span style=\"color: #ff9900;\">remercie tous les adh\u00e9rents de Vita-GV pour leur compr\u00e9hension<\/span><\/strong><\/h5>\n<h5 style=\"text-align: center;\"><strong><span style=\"color: #ff9900;\">suite \u00e0 la g\u00eane occasionn\u00e9e par la construction du gymnase<\/span><\/strong><\/h5>\n<h5 style=\"text-align: center;\"><strong><span style=\"color: #ff9900;\">du groupe scolaire SIMONE-VEIL.<\/span><\/strong><\/h5>\n<\/div><div class=\"fusion-separator fusion-full-width-sep\" style=\"align-self: center;margin-left: auto;margin-right: auto;width:100%;\"><div class=\"fusion-separator-border sep-double\" style=\"--awb-height:20px;--awb-amount:20px;--awb-sep-color:#ff9900;border-color:#ff9900;border-top-width:1px;border-bottom-width:1px;\"><\/div><\/div><\/div><\/div><div class=\"fusion-layout-column fusion_builder_column fusion-builder-column-1 fusion_builder_column_2_3 2_3 fusion-flex-column\" style=\"--awb-bg-size:cover;--awb-width-large:66.666666666667%;--awb-margin-top-large:0px;--awb-spacing-right-large:2.88%;--awb-margin-bottom-large:20px;--awb-spacing-left-large:3.84%;--awb-width-medium:66.666666666667%;--awb-spacing-right-medium:2.88%;--awb-spacing-left-medium:3.84%;--awb-width-small:100%;--awb-spacing-right-small:1.92%;--awb-spacing-left-small:1.92%;\"><div class=\"fusion-column-wrapper fusion-flex-justify-content-flex-start fusion-content-layout-column\"><div class=\"fusion-text fusion-text-2\"><h2 style=\"text-align: center;\"><span style=\"color: #333399;\"><strong>PROC\u00c8S VERBAL DE L&rsquo;ASSEMBL\u00c9E G\u00c9N\u00c9RALE ORDINAIRE <\/strong><\/span><\/h2>\n<h2 style=\"text-align: center;\"><span style=\"color: #333399;\"><strong>SAISON 2017-2018<\/strong><\/span><\/h2>\n<h2 style=\"text-align: center;\"><span style=\"color: #333399;\"><strong>du vendredi 14 d\u00e9cembre 2018<\/strong><\/span><\/h2>\n<p><span style=\"color: #333399;\">Didier GARABEDIAN, Pr\u00e9sident, d\u00e9clare ouverte \u00e0 18 h 30 l\u2019Assembl\u00e9e G\u00e9n\u00e9rale ordinaire de Vita GV. Il remercie chaleureusement de leur pr\u00e9sence, les adh\u00e9rents ainsi qu\u2019Annick VOISIN, Maire Adjointe, charg\u00e9e des Sports, R\u00e9gis TOURNE, Pr\u00e9sident du Comit\u00e9 Consultatif des Sports de la ville de Vincennes, Bernard HAUSSMANN,\u00a0Pr\u00e9sident du Comit\u00e9 D\u00e9partemental du Val-de-Marne (CODEP) et Dominique CLOAREC, Pr\u00e9sidente de Gym V.<\/span><\/p>\n<p><span style=\"color: #333399;\">Sont excus\u00e9s, Mme Charlotte LIBERT-ALBANEL, Maire de Vincennes et Christian HEDOUIN, Membre d\u2019honneur.<\/span><\/p>\n<p style=\"text-align: center;\"><span style=\"color: #333399;\"><strong>LE MOT DU PR\u00c9SIDENT<\/strong><\/span><\/p>\n<p><span style=\"color: #333399;\">Didier remercie tous les b\u00e9n\u00e9voles qui exercent une fonction au sein du Comit\u00e9 Directeur et du Bureau Directeur\u00a0: Philippe Ottria charg\u00e9 de l\u2019informatique, Anne Lagriffoul et Annie Leduc responsables des randonn\u00e9es, Lynka Gallerin tr\u00e9sori\u00e8re, pour son remarquable travail en gestion administrative et comptable, Claire Samaras Secr\u00e9taire en charge du site internet. Il remercie \u00e9galement tous les responsables de cours b\u00e9n\u00e9voles et en particulier Nadine Buffault et Marie-Christine Hammad qui aident les personnes handicap\u00e9es \u00e0 assister aux cours au sein de notre Club.<\/span><\/p>\n<p><span style=\"color: #333399;\">Didier annonce qu\u2019il ne se repr\u00e9sentera pas fin 2020. Il est temps de renouveler l\u2019\u00e9quipe pour donner un souffle nouveau au Club. Un appel est lanc\u00e9 aux b\u00e9n\u00e9voles qui souhaiteraient reprendre le flambeau.<\/span><\/p>\n<p style=\"text-align: center;\"><span style=\"color: #333399;\"><strong>LA PAROLE EST DONN\u00c9E AUX INVIT\u00c9S<\/strong><\/span><\/p>\n<p><span style=\"color: #333399;\">Malgr\u00e9 un emploi du temps tr\u00e8s charg\u00e9 ce jour-l\u00e0, puisque se d\u00e9roulait au m\u00eame moment que notre AG la Soir\u00e9e du B\u00e9n\u00e9volat, Annick VOISIN et R\u00e9gis TOURNE sont venus dire un grand merci, \u00e0 tous les adh\u00e9rents de Vita-GV, pour leur compr\u00e9hension suite \u00e0 la g\u00eane occasionn\u00e9e par la construction du gymnase du groupe scolaire SIMONE-VEIL, rue Mirabeau. Ils ont salu\u00e9 les relations avec Vita-GV bas\u00e9es sur l\u2019\u00e9change et la discussion.<\/span><\/p>\n<ul>\n<li><span style=\"color: #333399;\">Bernard Haussmann nous fait savoir que la FFEPGV, initiatrice du concept Sport-Sant\u00e9, repris par d\u2019autres f\u00e9d\u00e9rations, s\u2019appuie sur le dynamisme de sa nouvelle \u00e9quipe pour mettre en place de nouveaux programmes d\u2019aide \u00e0 la gestion des clubs et nous informe que le CODEP propose des ateliers EPGV\u00a0 \u00ab\u00a0Equilibre\u00a0\u00bb ou \u00ab\u00a0M\u00e9moire\u00a0\u00bb gratuits, pour les grands s\u00e9niors ainsi qu\u2019un nouveau programme destin\u00e9 aux personnes atteintes d\u2019une maladie neurod\u00e9g\u00e9n\u00e9rative (Alzheimer\u2026), m\u00ealant\u00a0 arts et activit\u00e9s physiques, initi\u00e9 par l\u2019association APAAR.<\/span><\/li>\n<\/ul>\n<p style=\"text-align: center;\"><strong><span style=\"color: #333399;\">LE PROC\u00c8S-VERBAL DE L&rsquo;ASSEMBL\u00c9E G\u00c9N\u00c9RALE ORDINAIRE DU 15 D\u00c9CEMBRE 2017<br \/>\nEST APPROUV\u00c9 \u00c0 L&rsquo;UNANIMIT\u00c9 DES PR\u00c9SENTS ET REPR\u00c9SENT\u00c9S<\/span><\/strong><\/p>\n<p style=\"text-align: center;\"><strong><span style=\"color: #333399;\">LE RAPPORT MORAL ET D\u2019ACTIVIT\u00c9S 2017\/2018<br \/>\nEST APPROUV\u00c9 A L&rsquo;UNANIMIT\u00c9 DES PR\u00c9SENTS ET REPR\u00c9SENT\u00c9S<\/span><\/strong><\/p>\n<p style=\"text-align: center;\"><strong><span style=\"color: #333399;\">LES COMPTES 2017-2018 SONT APPROUV\u00c9S \u00c0 L\u2019UNANIMIT\u00c9 DES PR\u00c9SENTS ET REPR\u00c9SENT\u00c9S<br \/>\nQUITUS EST DONN\u00c9 \u00c0 LA GESTION<\/span><\/strong><\/p>\n<p style=\"text-align: center;\"><strong><span style=\"color: #333399;\">\u00a0<\/span><span style=\"color: #333399;\">LE RENOUVELLEMENT DU MANDAT CONFI\u00c9 \u00c0 CLAUDINE CHAMPION ET SYLVIANE TEODORCZYK<br \/>\nEST APPROUV\u00c9 \u00c0 L\u2019UNANIMIT\u00c9 DES PR\u00c9SENTS ET REPR\u00c9SENT\u00c9S<\/span><\/strong><\/p>\n<p style=\"text-align: center;\"><strong><span style=\"color: #333399;\">LES R\u00c9ALISATIONS PR\u00c9VISIONNELLES 2018-2019 ET LE BUDGET 2019-2020<br \/>\nONT \u00c9T\u00c9 APPROUV\u00c9S \u00c0 L&rsquo;UNANIMIT\u00c9 DES PR\u00c9SENTS ET REPR\u00c9SENT\u00c9S<\/span><\/strong><\/p>\n<p style=\"text-align: center;\"><strong><span style=\"color: #333399;\">LA CANDIDATURE DE LYNKA GALLERIN A l\u2019AG du CODEP 94<br \/>\nA \u00c9T\u00c9 APPROUV\u00c9E \u00c0 L&rsquo;UNANIMIT\u00c9 DES PR\u00c9SENTS ET REPR\u00c9SENT\u00c9S<\/span><\/strong><\/p>\n<h5 style=\"text-align: center;\"><span style=\"color: #333399;\"><strong>oOo<\/strong><\/span><\/h5>\n<p style=\"text-align: center;\"><span style=\"color: #333399;\"><strong>AVANTAGES \u00a0POUR LES ADHERENTS VITA-GV ET EPGV<\/strong><\/span><\/p>\n<p style=\"text-align: left;\"><span style=\"color: #333399;\">&#8211; <strong>L\u2019\u00c9cole d\u2019Ost\u00e9opathie de Champs sur Marne<\/strong>. Si vous \u00eates int\u00e9ress\u00e9, merci de nous \u00e9crire \u00e0<br \/>\ncourrier@vita-gv.fr.<\/span><\/p>\n<p><span style=\"color: #333399;\">&#8211; <strong>GEVEDIT<\/strong>, la centrale d\u2019achats de la FFEPGV pour les clubs est ouverte aux adh\u00e9rents (rendez-vous sur le site GEVEDIT en vous inscrivant avec votre num\u00e9ro de licence EPGV et b\u00e9n\u00e9ficiez du tarif pr\u00e9f\u00e9rentiel).<\/span><\/p>\n<p><span style=\"color: #333399;\">&#8211; <strong>VVF VILLAGES<\/strong>. En tant qu\u2019adh\u00e9rent \u00e0 la FFEPGV, vous b\u00e9n\u00e9ficiez de 10 % de r\u00e9duction avec le code 23550 et votre num\u00e9ro de licence EPGV. Contacts\u00a0: VVF Villages 8 rue Claude Danziger 63050 CLERMONT-FERRAND Cedex 2. T\u00e9l. 00 33 4 73 43 00 43 &#8211; <a href=\"http:\/\/www.vvfvillages.fr\">www.vvfvillages.fr<\/a><\/span><\/p>\n<p><span style=\"color: #333399;\">L&rsquo;ordre du jour \u00e9tant \u00e9puis\u00e9 et plus personne ne demandant la parole, la s\u00e9ance est lev\u00e9e \u00e0 19 h 50.<\/span><\/p>\n<p style=\"text-align: center;\"><span style=\"color: #333399;\">Didier invite les personnes pr\u00e9sentes \u00e0 se diriger vers le buffet pour un pot de l\u2019amiti\u00e9.<\/span><\/p>\n<p style=\"text-align: right;\"><span style=\"color: #333399;\"><strong>Claire<\/strong><\/span><\/p>\n<\/div><div class=\"fusion-separator fusion-full-width-sep\" style=\"align-self: center;margin-left: auto;margin-right: auto;margin-top:10px;width:100%;\"><div class=\"fusion-separator-border sep-double\" style=\"--awb-height:20px;--awb-amount:20px;--awb-sep-color:#121ea5;border-color:#121ea5;border-top-width:3px;border-bottom-width:3px;\"><\/div><\/div><\/div><\/div><\/div><\/div><div class=\"fusion-fullwidth fullwidth-box fusion-builder-row-2 fusion-flex-container nonhundred-percent-fullwidth non-hundred-percent-height-scrolling\" style=\"--awb-border-radius-top-left:0px;--awb-border-radius-top-right:0px;--awb-border-radius-bottom-right:0px;--awb-border-radius-bottom-left:0px;--awb-flex-wrap:wrap;\" ><div class=\"fusion-builder-row fusion-row fusion-flex-align-items-flex-start fusion-flex-content-wrap\" style=\"max-width:calc( 1100px + 0px );margin-left: calc(-0px \/ 2 );margin-right: calc(-0px \/ 2 );\"><\/div><\/div><\/p>\n","protected":false},"excerpt":{"rendered":"","protected":false},"author":1,"featured_media":3755,"comment_status":"closed","ping_status":"open","sticky":false,"template":"","format":"standard","meta":{"footnotes":""},"categories":[4],"tags":[],"class_list":["post-3772","post","type-post","status-publish","format-standard","has-post-thumbnail","hentry","category-reunions"],"yoast_head":"<!-- This site is optimized with the Yoast SEO plugin v26.9 - https:\/\/yoast.com\/product\/yoast-seo-wordpress\/ -->\n<title>AG Ordinaire de Vita-GV, Saison 2017-2018, du 14 d\u00e9cembre 2018 - VITA-GV<\/title>\n<meta name=\"robots\" content=\"index, follow, max-snippet:-1, max-image-preview:large, max-video-preview:-1\" \/>\n<link rel=\"canonical\" href=\"https:\/\/vita-gv.fr\/index.php\/2019\/02\/09\/ag-ordinaire-de-vita-gv-saison-2017-2018-du-14-decembre-2018\/\" \/>\n<meta property=\"og:locale\" content=\"fr_FR\" \/>\n<meta property=\"og:type\" content=\"article\" \/>\n<meta property=\"og:title\" content=\"AG Ordinaire de Vita-GV, Saison 2017-2018, du 14 d\u00e9cembre 2018 - VITA-GV\" \/>\n<meta property=\"og:url\" content=\"https:\/\/vita-gv.fr\/index.php\/2019\/02\/09\/ag-ordinaire-de-vita-gv-saison-2017-2018-du-14-decembre-2018\/\" \/>\n<meta property=\"og:site_name\" content=\"VITA-GV\" \/>\n<meta property=\"article:published_time\" content=\"2019-02-09T18:07:45+00:00\" \/>\n<meta property=\"article:modified_time\" content=\"2025-05-02T09:26:13+00:00\" \/>\n<meta property=\"og:image\" content=\"https:\/\/vita-gv.fr\/wp-content\/uploads\/2019\/02\/AG-Saison-2017-2018-P1120538.jpg\" \/>\n\t<meta property=\"og:image:width\" content=\"587\" \/>\n\t<meta property=\"og:image:height\" content=\"372\" \/>\n\t<meta property=\"og:image:type\" content=\"image\/jpeg\" \/>\n<meta name=\"author\" content=\"admin5947\" \/>\n<meta name=\"twitter:card\" content=\"summary_large_image\" \/>\n<meta name=\"twitter:label1\" content=\"\u00c9crit par\" \/>\n\t<meta name=\"twitter:data1\" content=\"admin5947\" \/>\n\t<meta name=\"twitter:label2\" content=\"Dur\u00e9e de lecture estim\u00e9e\" \/>\n\t<meta name=\"twitter:data2\" content=\"6 minutes\" \/>\n<script type=\"application\/ld+json\" class=\"yoast-schema-graph\">{\"@context\":\"https:\/\/schema.org\",\"@graph\":[{\"@type\":\"Article\",\"@id\":\"https:\/\/vita-gv.fr\/index.php\/2019\/02\/09\/ag-ordinaire-de-vita-gv-saison-2017-2018-du-14-decembre-2018\/#article\",\"isPartOf\":{\"@id\":\"https:\/\/vita-gv.fr\/index.php\/2019\/02\/09\/ag-ordinaire-de-vita-gv-saison-2017-2018-du-14-decembre-2018\/\"},\"author\":{\"name\":\"admin5947\",\"@id\":\"https:\/\/vita-gv.fr\/#\/schema\/person\/ec99f45ad7b80175458c6dc821c0eb6c\"},\"headline\":\"AG Ordinaire de Vita-GV, Saison 2017-2018, du 14 d\u00e9cembre 2018\",\"datePublished\":\"2019-02-09T18:07:45+00:00\",\"dateModified\":\"2025-05-02T09:26:13+00:00\",\"mainEntityOfPage\":{\"@id\":\"https:\/\/vita-gv.fr\/index.php\/2019\/02\/09\/ag-ordinaire-de-vita-gv-saison-2017-2018-du-14-decembre-2018\/\"},\"wordCount\":1279,\"publisher\":{\"@id\":\"https:\/\/vita-gv.fr\/#organization\"},\"image\":{\"@id\":\"https:\/\/vita-gv.fr\/index.php\/2019\/02\/09\/ag-ordinaire-de-vita-gv-saison-2017-2018-du-14-decembre-2018\/#primaryimage\"},\"thumbnailUrl\":\"https:\/\/vita-gv.fr\/wp-content\/uploads\/2019\/02\/AG-Saison-2017-2018-P1120538.jpg\",\"articleSection\":[\"REUNIONS VITA-GV\"],\"inLanguage\":\"fr-FR\"},{\"@type\":\"WebPage\",\"@id\":\"https:\/\/vita-gv.fr\/index.php\/2019\/02\/09\/ag-ordinaire-de-vita-gv-saison-2017-2018-du-14-decembre-2018\/\",\"url\":\"https:\/\/vita-gv.fr\/index.php\/2019\/02\/09\/ag-ordinaire-de-vita-gv-saison-2017-2018-du-14-decembre-2018\/\",\"name\":\"AG Ordinaire de Vita-GV, Saison 2017-2018, du 14 d\u00e9cembre 2018 - VITA-GV\",\"isPartOf\":{\"@id\":\"https:\/\/vita-gv.fr\/#website\"},\"primaryImageOfPage\":{\"@id\":\"https:\/\/vita-gv.fr\/index.php\/2019\/02\/09\/ag-ordinaire-de-vita-gv-saison-2017-2018-du-14-decembre-2018\/#primaryimage\"},\"image\":{\"@id\":\"https:\/\/vita-gv.fr\/index.php\/2019\/02\/09\/ag-ordinaire-de-vita-gv-saison-2017-2018-du-14-decembre-2018\/#primaryimage\"},\"thumbnailUrl\":\"https:\/\/vita-gv.fr\/wp-content\/uploads\/2019\/02\/AG-Saison-2017-2018-P1120538.jpg\",\"datePublished\":\"2019-02-09T18:07:45+00:00\",\"dateModified\":\"2025-05-02T09:26:13+00:00\",\"breadcrumb\":{\"@id\":\"https:\/\/vita-gv.fr\/index.php\/2019\/02\/09\/ag-ordinaire-de-vita-gv-saison-2017-2018-du-14-decembre-2018\/#breadcrumb\"},\"inLanguage\":\"fr-FR\",\"potentialAction\":[{\"@type\":\"ReadAction\",\"target\":[\"https:\/\/vita-gv.fr\/index.php\/2019\/02\/09\/ag-ordinaire-de-vita-gv-saison-2017-2018-du-14-decembre-2018\/\"]}]},{\"@type\":\"ImageObject\",\"inLanguage\":\"fr-FR\",\"@id\":\"https:\/\/vita-gv.fr\/index.php\/2019\/02\/09\/ag-ordinaire-de-vita-gv-saison-2017-2018-du-14-decembre-2018\/#primaryimage\",\"url\":\"https:\/\/vita-gv.fr\/wp-content\/uploads\/2019\/02\/AG-Saison-2017-2018-P1120538.jpg\",\"contentUrl\":\"https:\/\/vita-gv.fr\/wp-content\/uploads\/2019\/02\/AG-Saison-2017-2018-P1120538.jpg\",\"width\":587,\"height\":372},{\"@type\":\"BreadcrumbList\",\"@id\":\"https:\/\/vita-gv.fr\/index.php\/2019\/02\/09\/ag-ordinaire-de-vita-gv-saison-2017-2018-du-14-decembre-2018\/#breadcrumb\",\"itemListElement\":[{\"@type\":\"ListItem\",\"position\":1,\"name\":\"Accueil\",\"item\":\"https:\/\/vita-gv.fr\/\"},{\"@type\":\"ListItem\",\"position\":2,\"name\":\"AG Ordinaire de Vita-GV, Saison 2017-2018, du 14 d\u00e9cembre 2018\"}]},{\"@type\":\"WebSite\",\"@id\":\"https:\/\/vita-gv.fr\/#website\",\"url\":\"https:\/\/vita-gv.fr\/\",\"name\":\"VITA-GV\",\"description\":\"Gymnastique volontaire de Vincennes\",\"publisher\":{\"@id\":\"https:\/\/vita-gv.fr\/#organization\"},\"potentialAction\":[{\"@type\":\"SearchAction\",\"target\":{\"@type\":\"EntryPoint\",\"urlTemplate\":\"https:\/\/vita-gv.fr\/?s={search_term_string}\"},\"query-input\":{\"@type\":\"PropertyValueSpecification\",\"valueRequired\":true,\"valueName\":\"search_term_string\"}}],\"inLanguage\":\"fr-FR\"},{\"@type\":\"Organization\",\"@id\":\"https:\/\/vita-gv.fr\/#organization\",\"name\":\"VITA-GV\",\"url\":\"https:\/\/vita-gv.fr\/\",\"logo\":{\"@type\":\"ImageObject\",\"inLanguage\":\"fr-FR\",\"@id\":\"https:\/\/vita-gv.fr\/#\/schema\/logo\/image\/\",\"url\":\"https:\/\/vita-gv.fr\/wp-content\/uploads\/2018\/04\/logo-QCLSS-17-21-A094002-COULEUR.jpeg\",\"contentUrl\":\"https:\/\/vita-gv.fr\/wp-content\/uploads\/2018\/04\/logo-QCLSS-17-21-A094002-COULEUR.jpeg\",\"width\":476,\"height\":693,\"caption\":\"VITA-GV\"},\"image\":{\"@id\":\"https:\/\/vita-gv.fr\/#\/schema\/logo\/image\/\"}},{\"@type\":\"Person\",\"@id\":\"https:\/\/vita-gv.fr\/#\/schema\/person\/ec99f45ad7b80175458c6dc821c0eb6c\",\"name\":\"admin5947\",\"image\":{\"@type\":\"ImageObject\",\"inLanguage\":\"fr-FR\",\"@id\":\"https:\/\/vita-gv.fr\/#\/schema\/person\/image\/\",\"url\":\"https:\/\/secure.gravatar.com\/avatar\/d7c35d0140468ac4063a5ac8fe7abd4764a6cd72fe33a534b055a084329bdcac?s=96&d=mm&r=g\",\"contentUrl\":\"https:\/\/secure.gravatar.com\/avatar\/d7c35d0140468ac4063a5ac8fe7abd4764a6cd72fe33a534b055a084329bdcac?s=96&d=mm&r=g\",\"caption\":\"admin5947\"},\"url\":\"https:\/\/vita-gv.fr\/index.php\/author\/admin5947\/\"}]}<\/script>\n<!-- \/ Yoast SEO plugin. -->","yoast_head_json":{"title":"AG Ordinaire de Vita-GV, Saison 2017-2018, du 14 d\u00e9cembre 2018 - VITA-GV","robots":{"index":"index","follow":"follow","max-snippet":"max-snippet:-1","max-image-preview":"max-image-preview:large","max-video-preview":"max-video-preview:-1"},"canonical":"https:\/\/vita-gv.fr\/index.php\/2019\/02\/09\/ag-ordinaire-de-vita-gv-saison-2017-2018-du-14-decembre-2018\/","og_locale":"fr_FR","og_type":"article","og_title":"AG Ordinaire de Vita-GV, Saison 2017-2018, du 14 d\u00e9cembre 2018 - VITA-GV","og_url":"https:\/\/vita-gv.fr\/index.php\/2019\/02\/09\/ag-ordinaire-de-vita-gv-saison-2017-2018-du-14-decembre-2018\/","og_site_name":"VITA-GV","article_published_time":"2019-02-09T18:07:45+00:00","article_modified_time":"2025-05-02T09:26:13+00:00","og_image":[{"width":587,"height":372,"url":"https:\/\/vita-gv.fr\/wp-content\/uploads\/2019\/02\/AG-Saison-2017-2018-P1120538.jpg","type":"image\/jpeg"}],"author":"admin5947","twitter_card":"summary_large_image","twitter_misc":{"\u00c9crit par":"admin5947","Dur\u00e9e de lecture estim\u00e9e":"6 minutes"},"schema":{"@context":"https:\/\/schema.org","@graph":[{"@type":"Article","@id":"https:\/\/vita-gv.fr\/index.php\/2019\/02\/09\/ag-ordinaire-de-vita-gv-saison-2017-2018-du-14-decembre-2018\/#article","isPartOf":{"@id":"https:\/\/vita-gv.fr\/index.php\/2019\/02\/09\/ag-ordinaire-de-vita-gv-saison-2017-2018-du-14-decembre-2018\/"},"author":{"name":"admin5947","@id":"https:\/\/vita-gv.fr\/#\/schema\/person\/ec99f45ad7b80175458c6dc821c0eb6c"},"headline":"AG Ordinaire de Vita-GV, Saison 2017-2018, du 14 d\u00e9cembre 2018","datePublished":"2019-02-09T18:07:45+00:00","dateModified":"2025-05-02T09:26:13+00:00","mainEntityOfPage":{"@id":"https:\/\/vita-gv.fr\/index.php\/2019\/02\/09\/ag-ordinaire-de-vita-gv-saison-2017-2018-du-14-decembre-2018\/"},"wordCount":1279,"publisher":{"@id":"https:\/\/vita-gv.fr\/#organization"},"image":{"@id":"https:\/\/vita-gv.fr\/index.php\/2019\/02\/09\/ag-ordinaire-de-vita-gv-saison-2017-2018-du-14-decembre-2018\/#primaryimage"},"thumbnailUrl":"https:\/\/vita-gv.fr\/wp-content\/uploads\/2019\/02\/AG-Saison-2017-2018-P1120538.jpg","articleSection":["REUNIONS VITA-GV"],"inLanguage":"fr-FR"},{"@type":"WebPage","@id":"https:\/\/vita-gv.fr\/index.php\/2019\/02\/09\/ag-ordinaire-de-vita-gv-saison-2017-2018-du-14-decembre-2018\/","url":"https:\/\/vita-gv.fr\/index.php\/2019\/02\/09\/ag-ordinaire-de-vita-gv-saison-2017-2018-du-14-decembre-2018\/","name":"AG Ordinaire de Vita-GV, Saison 2017-2018, du 14 d\u00e9cembre 2018 - VITA-GV","isPartOf":{"@id":"https:\/\/vita-gv.fr\/#website"},"primaryImageOfPage":{"@id":"https:\/\/vita-gv.fr\/index.php\/2019\/02\/09\/ag-ordinaire-de-vita-gv-saison-2017-2018-du-14-decembre-2018\/#primaryimage"},"image":{"@id":"https:\/\/vita-gv.fr\/index.php\/2019\/02\/09\/ag-ordinaire-de-vita-gv-saison-2017-2018-du-14-decembre-2018\/#primaryimage"},"thumbnailUrl":"https:\/\/vita-gv.fr\/wp-content\/uploads\/2019\/02\/AG-Saison-2017-2018-P1120538.jpg","datePublished":"2019-02-09T18:07:45+00:00","dateModified":"2025-05-02T09:26:13+00:00","breadcrumb":{"@id":"https:\/\/vita-gv.fr\/index.php\/2019\/02\/09\/ag-ordinaire-de-vita-gv-saison-2017-2018-du-14-decembre-2018\/#breadcrumb"},"inLanguage":"fr-FR","potentialAction":[{"@type":"ReadAction","target":["https:\/\/vita-gv.fr\/index.php\/2019\/02\/09\/ag-ordinaire-de-vita-gv-saison-2017-2018-du-14-decembre-2018\/"]}]},{"@type":"ImageObject","inLanguage":"fr-FR","@id":"https:\/\/vita-gv.fr\/index.php\/2019\/02\/09\/ag-ordinaire-de-vita-gv-saison-2017-2018-du-14-decembre-2018\/#primaryimage","url":"https:\/\/vita-gv.fr\/wp-content\/uploads\/2019\/02\/AG-Saison-2017-2018-P1120538.jpg","contentUrl":"https:\/\/vita-gv.fr\/wp-content\/uploads\/2019\/02\/AG-Saison-2017-2018-P1120538.jpg","width":587,"height":372},{"@type":"BreadcrumbList","@id":"https:\/\/vita-gv.fr\/index.php\/2019\/02\/09\/ag-ordinaire-de-vita-gv-saison-2017-2018-du-14-decembre-2018\/#breadcrumb","itemListElement":[{"@type":"ListItem","position":1,"name":"Accueil","item":"https:\/\/vita-gv.fr\/"},{"@type":"ListItem","position":2,"name":"AG Ordinaire de Vita-GV, Saison 2017-2018, du 14 d\u00e9cembre 2018"}]},{"@type":"WebSite","@id":"https:\/\/vita-gv.fr\/#website","url":"https:\/\/vita-gv.fr\/","name":"VITA-GV","description":"Gymnastique volontaire de Vincennes","publisher":{"@id":"https:\/\/vita-gv.fr\/#organization"},"potentialAction":[{"@type":"SearchAction","target":{"@type":"EntryPoint","urlTemplate":"https:\/\/vita-gv.fr\/?s={search_term_string}"},"query-input":{"@type":"PropertyValueSpecification","valueRequired":true,"valueName":"search_term_string"}}],"inLanguage":"fr-FR"},{"@type":"Organization","@id":"https:\/\/vita-gv.fr\/#organization","name":"VITA-GV","url":"https:\/\/vita-gv.fr\/","logo":{"@type":"ImageObject","inLanguage":"fr-FR","@id":"https:\/\/vita-gv.fr\/#\/schema\/logo\/image\/","url":"https:\/\/vita-gv.fr\/wp-content\/uploads\/2018\/04\/logo-QCLSS-17-21-A094002-COULEUR.jpeg","contentUrl":"https:\/\/vita-gv.fr\/wp-content\/uploads\/2018\/04\/logo-QCLSS-17-21-A094002-COULEUR.jpeg","width":476,"height":693,"caption":"VITA-GV"},"image":{"@id":"https:\/\/vita-gv.fr\/#\/schema\/logo\/image\/"}},{"@type":"Person","@id":"https:\/\/vita-gv.fr\/#\/schema\/person\/ec99f45ad7b80175458c6dc821c0eb6c","name":"admin5947","image":{"@type":"ImageObject","inLanguage":"fr-FR","@id":"https:\/\/vita-gv.fr\/#\/schema\/person\/image\/","url":"https:\/\/secure.gravatar.com\/avatar\/d7c35d0140468ac4063a5ac8fe7abd4764a6cd72fe33a534b055a084329bdcac?s=96&d=mm&r=g","contentUrl":"https:\/\/secure.gravatar.com\/avatar\/d7c35d0140468ac4063a5ac8fe7abd4764a6cd72fe33a534b055a084329bdcac?s=96&d=mm&r=g","caption":"admin5947"},"url":"https:\/\/vita-gv.fr\/index.php\/author\/admin5947\/"}]}},"_links":{"self":[{"href":"https:\/\/vita-gv.fr\/index.php\/wp-json\/wp\/v2\/posts\/3772","targetHints":{"allow":["GET"]}}],"collection":[{"href":"https:\/\/vita-gv.fr\/index.php\/wp-json\/wp\/v2\/posts"}],"about":[{"href":"https:\/\/vita-gv.fr\/index.php\/wp-json\/wp\/v2\/types\/post"}],"author":[{"embeddable":true,"href":"https:\/\/vita-gv.fr\/index.php\/wp-json\/wp\/v2\/users\/1"}],"replies":[{"embeddable":true,"href":"https:\/\/vita-gv.fr\/index.php\/wp-json\/wp\/v2\/comments?post=3772"}],"version-history":[{"count":23,"href":"https:\/\/vita-gv.fr\/index.php\/wp-json\/wp\/v2\/posts\/3772\/revisions"}],"predecessor-version":[{"id":3797,"href":"https:\/\/vita-gv.fr\/index.php\/wp-json\/wp\/v2\/posts\/3772\/revisions\/3797"}],"wp:featuredmedia":[{"embeddable":true,"href":"https:\/\/vita-gv.fr\/index.php\/wp-json\/wp\/v2\/media\/3755"}],"wp:attachment":[{"href":"https:\/\/vita-gv.fr\/index.php\/wp-json\/wp\/v2\/media?parent=3772"}],"wp:term":[{"taxonomy":"category","embeddable":true,"href":"https:\/\/vita-gv.fr\/index.php\/wp-json\/wp\/v2\/categories?post=3772"},{"taxonomy":"post_tag","embeddable":true,"href":"https:\/\/vita-gv.fr\/index.php\/wp-json\/wp\/v2\/tags?post=3772"}],"curies":[{"name":"wp","href":"https:\/\/api.w.org\/{rel}","templated":true}]}}