{"id":2991,"date":"2018-03-05T11:05:08","date_gmt":"2018-03-05T10:05:08","guid":{"rendered":"http:\/\/vita-gv.fr\/?p=2991"},"modified":"2025-05-02T11:26:13","modified_gmt":"2025-05-02T09:26:13","slug":"randonnee-en-foret-de-lisle-adam-du-15-octobre-2017","status":"publish","type":"post","link":"https:\/\/vita-gv.fr\/index.php\/2018\/03\/05\/randonnee-en-foret-de-lisle-adam-du-15-octobre-2017\/","title":{"rendered":"Randonn\u00e9e en for\u00eat de l&rsquo;Isle Adam du 15 octobre 2017"},"content":{"rendered":"<h2 style=\"text-align: center;\">\u00a0<strong>Ce circuit, au d\u00e9part de M\u00e9riel, <\/strong><strong>a conduit nos randonneurs dans la for\u00eat de l&rsquo;Isle Adam <\/strong><strong>et s&rsquo;est termin\u00e9\u00a0 <\/strong><strong>par la d\u00e9couverte de la ville de L&rsquo;Isle Adam et ses bords de l&rsquo;Oise<\/strong><\/h2>\n<p>&nbsp;<\/p>\n<h3 style=\"text-align: center;\"><strong>Un grand merci \u00e0 Agn\u00e8s W. et H\u00e9l\u00e8ne B. <\/strong><strong>nos 2 photographes du jour<\/strong><\/h3>\n<p>&nbsp;<\/p>\n<table width=\"100%\">\n<thead><\/thead>\n<tbody>\n<tr>\n<td style=\"texte-align: center;\">\n<p><div id=\"attachment_3494\" style=\"width: 310px\" class=\"wp-caption aligncenter\"><a href=\"http:\/\/vita-gv.fr\/wp-content\/uploads\/2018\/05\/IMG_1572-1.jpg\"><img decoding=\"async\" aria-describedby=\"caption-attachment-3494\" class=\"wp-image-3494 size-medium\" src=\"http:\/\/vita-gv.fr\/wp-content\/uploads\/2018\/05\/IMG_1572-1-300x206.jpg\" alt=\"\" width=\"300\" height=\"206\" srcset=\"https:\/\/vita-gv.fr\/wp-content\/uploads\/2018\/05\/IMG_1572-1-200x137.jpg 200w, https:\/\/vita-gv.fr\/wp-content\/uploads\/2018\/05\/IMG_1572-1-300x206.jpg 300w, https:\/\/vita-gv.fr\/wp-content\/uploads\/2018\/05\/IMG_1572-1-400x275.jpg 400w, https:\/\/vita-gv.fr\/wp-content\/uploads\/2018\/05\/IMG_1572-1-600x412.jpg 600w, https:\/\/vita-gv.fr\/wp-content\/uploads\/2018\/05\/IMG_1572-1-768x528.jpg 768w, https:\/\/vita-gv.fr\/wp-content\/uploads\/2018\/05\/IMG_1572-1-800x550.jpg 800w, https:\/\/vita-gv.fr\/wp-content\/uploads\/2018\/05\/IMG_1572-1.jpg 901w\" sizes=\"(max-width: 300px) 100vw, 300px\" \/><\/a><p id=\"caption-attachment-3494\" class=\"wp-caption-text\"><center><span style=\"color: #000000;\"><strong>Gare du Nord, une partie du groupe guette le quai de d\u00e9part&#8230;<\/strong><\/span><\/center><\/p><\/div><\/td>\n<td style=\"texte-align: center;\">\n<p><div id=\"attachment_3515\" style=\"width: 310px\" class=\"wp-caption aligncenter\"><a href=\"http:\/\/vita-gv.fr\/wp-content\/uploads\/2018\/05\/Rando-du-15-octobre-2017-D\u00e9part-de-la-gare-du-Nord-pour-M\u00e9riel-1.jpg\"><img decoding=\"async\" aria-describedby=\"caption-attachment-3515\" class=\"wp-image-3515 size-medium\" src=\"http:\/\/vita-gv.fr\/wp-content\/uploads\/2018\/05\/Rando-du-15-octobre-2017-D\u00e9part-de-la-gare-du-Nord-pour-M\u00e9riel-1-300x213.jpg\" alt=\"Agn\u00e8s\" width=\"300\" height=\"213\" srcset=\"https:\/\/vita-gv.fr\/wp-content\/uploads\/2018\/05\/Rando-du-15-octobre-2017-D\u00e9part-de-la-gare-du-Nord-pour-M\u00e9riel-1-200x142.jpg 200w, https:\/\/vita-gv.fr\/wp-content\/uploads\/2018\/05\/Rando-du-15-octobre-2017-D\u00e9part-de-la-gare-du-Nord-pour-M\u00e9riel-1-300x214.jpg 300w, https:\/\/vita-gv.fr\/wp-content\/uploads\/2018\/05\/Rando-du-15-octobre-2017-D\u00e9part-de-la-gare-du-Nord-pour-M\u00e9riel-1-400x284.jpg 400w, https:\/\/vita-gv.fr\/wp-content\/uploads\/2018\/05\/Rando-du-15-octobre-2017-D\u00e9part-de-la-gare-du-Nord-pour-M\u00e9riel-1-600x426.jpg 600w, https:\/\/vita-gv.fr\/wp-content\/uploads\/2018\/05\/Rando-du-15-octobre-2017-D\u00e9part-de-la-gare-du-Nord-pour-M\u00e9riel-1-768x546.jpg 768w, https:\/\/vita-gv.fr\/wp-content\/uploads\/2018\/05\/Rando-du-15-octobre-2017-D\u00e9part-de-la-gare-du-Nord-pour-M\u00e9riel-1-800x569.jpg 800w, https:\/\/vita-gv.fr\/wp-content\/uploads\/2018\/05\/Rando-du-15-octobre-2017-D\u00e9part-de-la-gare-du-Nord-pour-M\u00e9riel-1.jpg 854w\" sizes=\"(max-width: 300px) 100vw, 300px\" \/><\/a><p id=\"caption-attachment-3515\" class=\"wp-caption-text\"><center><span style=\"color: #000000;\"><strong>&#8230; tandis que Agn\u00e8s et Anne participent \u00e0 une s\u00e9ance photos<\/strong><\/span><\/center><\/p><\/div><\/td>\n<\/tr>\n<\/tbody>\n<\/table>\n<p>&nbsp;<\/p>\n<table width=\"100%\">\n<thead><\/thead>\n<tbody>\n<tr>\n<td style=\"texte-align: center;\">\n<p><div id=\"attachment_3497\" style=\"width: 235px\" class=\"wp-caption aligncenter\"><a href=\"http:\/\/vita-gv.fr\/wp-content\/uploads\/2018\/05\/P1170567.jpg\"><img decoding=\"async\" aria-describedby=\"caption-attachment-3497\" class=\"wp-image-3497 size-medium\" src=\"http:\/\/vita-gv.fr\/wp-content\/uploads\/2018\/05\/P1170567-225x300.jpg\" alt=\"\" width=\"225\" height=\"300\" srcset=\"https:\/\/vita-gv.fr\/wp-content\/uploads\/2018\/05\/P1170567-200x267.jpg 200w, https:\/\/vita-gv.fr\/wp-content\/uploads\/2018\/05\/P1170567-225x300.jpg 225w, https:\/\/vita-gv.fr\/wp-content\/uploads\/2018\/05\/P1170567-400x533.jpg 400w, https:\/\/vita-gv.fr\/wp-content\/uploads\/2018\/05\/P1170567-600x800.jpg 600w, https:\/\/vita-gv.fr\/wp-content\/uploads\/2018\/05\/P1170567-768x1024.jpg 768w, https:\/\/vita-gv.fr\/wp-content\/uploads\/2018\/05\/P1170567-800x1067.jpg 800w, https:\/\/vita-gv.fr\/wp-content\/uploads\/2018\/05\/P1170567-1200x1600.jpg 1200w, https:\/\/vita-gv.fr\/wp-content\/uploads\/2018\/05\/P1170567.jpg 3240w\" sizes=\"(max-width: 225px) 100vw, 225px\" \/><\/a><p id=\"caption-attachment-3497\" class=\"wp-caption-text\"><center><span style=\"color: #000000;\"><strong>Cette croix a \u00e9t\u00e9 \u00e9rig\u00e9e \u00e0 la m\u00e9moire de Louis Auguste Jean Lannes, Mar\u00e9chal et Duc de Montebello<\/strong><\/span><\/center><\/p><\/div><\/td>\n<td style=\"texte-align: center;\">\n<p><div id=\"attachment_3496\" style=\"width: 310px\" class=\"wp-caption aligncenter\"><a href=\"http:\/\/vita-gv.fr\/wp-content\/uploads\/2018\/05\/P1170566.jpg\"><img decoding=\"async\" aria-describedby=\"caption-attachment-3496\" class=\"wp-image-3496 size-medium\" src=\"http:\/\/vita-gv.fr\/wp-content\/uploads\/2018\/05\/P1170566-300x225.jpg\" alt=\"\" width=\"300\" height=\"225\" srcset=\"https:\/\/vita-gv.fr\/wp-content\/uploads\/2018\/05\/P1170566-200x150.jpg 200w, https:\/\/vita-gv.fr\/wp-content\/uploads\/2018\/05\/P1170566-300x225.jpg 300w, https:\/\/vita-gv.fr\/wp-content\/uploads\/2018\/05\/P1170566-400x300.jpg 400w, https:\/\/vita-gv.fr\/wp-content\/uploads\/2018\/05\/P1170566-600x450.jpg 600w, https:\/\/vita-gv.fr\/wp-content\/uploads\/2018\/05\/P1170566-768x576.jpg 768w, https:\/\/vita-gv.fr\/wp-content\/uploads\/2018\/05\/P1170566-800x600.jpg 800w, https:\/\/vita-gv.fr\/wp-content\/uploads\/2018\/05\/P1170566-1024x768.jpg 1024w, https:\/\/vita-gv.fr\/wp-content\/uploads\/2018\/05\/P1170566-1200x900.jpg 1200w, https:\/\/vita-gv.fr\/wp-content\/uploads\/2018\/05\/P1170566.jpg 4320w\" sizes=\"(max-width: 300px) 100vw, 300px\" \/><\/a><p id=\"caption-attachment-3496\" class=\"wp-caption-text\"><center><span style=\"color: #000000;\"><strong>Jean Gabin interpr\u00e8te, en 1954, le r\u00f4le du Mar\u00e9chal Lannes de Montebello dans le Napol\u00e9on de Sacha Guitry&#8230;<\/strong>\/span&gt;<\/span><\/center><\/p><\/div><\/td>\n<td style=\"texte-align: center;\">\n<p><div id=\"attachment_3495\" style=\"width: 235px\" class=\"wp-caption aligncenter\"><a href=\"http:\/\/vita-gv.fr\/wp-content\/uploads\/2018\/05\/IMG_1583.jpg\"><img decoding=\"async\" aria-describedby=\"caption-attachment-3495\" class=\"wp-image-3495 size-medium\" src=\"http:\/\/vita-gv.fr\/wp-content\/uploads\/2018\/05\/IMG_1583-225x300.jpg\" alt=\"\" width=\"225\" height=\"300\" srcset=\"https:\/\/vita-gv.fr\/wp-content\/uploads\/2018\/05\/IMG_1583-200x267.jpg 200w, https:\/\/vita-gv.fr\/wp-content\/uploads\/2018\/05\/IMG_1583-225x300.jpg 225w, https:\/\/vita-gv.fr\/wp-content\/uploads\/2018\/05\/IMG_1583-400x533.jpg 400w, https:\/\/vita-gv.fr\/wp-content\/uploads\/2018\/05\/IMG_1583.jpg 576w\" sizes=\"(max-width: 225px) 100vw, 225px\" \/><\/a><p id=\"caption-attachment-3495\" class=\"wp-caption-text\"><center><span style=\"color: #000000;\"><strong>La maison natale de Jean Gabin (1904-1976) situ\u00e9e \u00e0 M\u00e9riel&#8230;<\/strong><\/span><\/center><\/p><\/div><\/td>\n<\/tr>\n<\/tbody>\n<\/table>\n<p>&nbsp;<\/p>\n<table width=\"100%\">\n<thead><\/thead>\n<tbody>\n<tr>\n<td style=\"texte-align: center;\">\n<p><div id=\"attachment_3498\" style=\"width: 310px\" class=\"wp-caption aligncenter\"><img decoding=\"async\" aria-describedby=\"caption-attachment-3498\" class=\"wp-image-3498 size-medium\" src=\"http:\/\/vita-gv.fr\/wp-content\/uploads\/2018\/05\/P1170573-300x192.jpg\" alt=\"\" width=\"300\" height=\"192\" srcset=\"https:\/\/vita-gv.fr\/wp-content\/uploads\/2018\/05\/P1170573-200x128.jpg 200w, https:\/\/vita-gv.fr\/wp-content\/uploads\/2018\/05\/P1170573-300x192.jpg 300w, https:\/\/vita-gv.fr\/wp-content\/uploads\/2018\/05\/P1170573-400x255.jpg 400w, https:\/\/vita-gv.fr\/wp-content\/uploads\/2018\/05\/P1170573-460x295.jpg 460w, https:\/\/vita-gv.fr\/wp-content\/uploads\/2018\/05\/P1170573-600x383.jpg 600w, https:\/\/vita-gv.fr\/wp-content\/uploads\/2018\/05\/P1170573-768x490.jpg 768w, https:\/\/vita-gv.fr\/wp-content\/uploads\/2018\/05\/P1170573-800x511.jpg 800w, https:\/\/vita-gv.fr\/wp-content\/uploads\/2018\/05\/P1170573-1024x654.jpg 1024w, https:\/\/vita-gv.fr\/wp-content\/uploads\/2018\/05\/P1170573-1200x766.jpg 1200w, https:\/\/vita-gv.fr\/wp-content\/uploads\/2018\/05\/P1170573.jpg 4012w\" sizes=\"(max-width: 300px) 100vw, 300px\" \/><p id=\"caption-attachment-3498\" class=\"wp-caption-text\"><center><span style=\"color: #000000;\"><strong>Les carri\u00e8res du marais de Stors<\/strong><\/span><\/center><\/p><\/div><\/td>\n<\/tr>\n<\/tbody>\n<\/table>\n<p>&nbsp;<\/p>\n<table width=\"100%\">\n<thead><\/thead>\n<tbody>\n<tr>\n<td style=\"texte-align: center;\">\n<p><div id=\"attachment_3500\" style=\"width: 310px\" class=\"wp-caption aligncenter\"><a href=\"http:\/\/vita-gv.fr\/wp-content\/uploads\/2018\/05\/P1170581.jpg\"><img decoding=\"async\" aria-describedby=\"caption-attachment-3500\" class=\"wp-image-3500 size-medium\" src=\"http:\/\/vita-gv.fr\/wp-content\/uploads\/2018\/05\/P1170581-300x225.jpg\" alt=\"\" width=\"300\" height=\"225\" srcset=\"https:\/\/vita-gv.fr\/wp-content\/uploads\/2018\/05\/P1170581-200x150.jpg 200w, https:\/\/vita-gv.fr\/wp-content\/uploads\/2018\/05\/P1170581-300x225.jpg 300w, https:\/\/vita-gv.fr\/wp-content\/uploads\/2018\/05\/P1170581-400x300.jpg 400w, https:\/\/vita-gv.fr\/wp-content\/uploads\/2018\/05\/P1170581-600x450.jpg 600w, https:\/\/vita-gv.fr\/wp-content\/uploads\/2018\/05\/P1170581-768x576.jpg 768w, https:\/\/vita-gv.fr\/wp-content\/uploads\/2018\/05\/P1170581-800x600.jpg 800w, https:\/\/vita-gv.fr\/wp-content\/uploads\/2018\/05\/P1170581-1024x768.jpg 1024w, https:\/\/vita-gv.fr\/wp-content\/uploads\/2018\/05\/P1170581-1200x900.jpg 1200w, https:\/\/vita-gv.fr\/wp-content\/uploads\/2018\/05\/P1170581.jpg 4320w\" sizes=\"(max-width: 300px) 100vw, 300px\" \/><\/a><p id=\"caption-attachment-3500\" class=\"wp-caption-text\"><center><span style=\"color: #000000;\"><strong>Agn\u00e8s, Dora et Michel<\/strong><\/span><\/center><\/p><\/div><\/td>\n<td style=\"texte-align: center;\">\n<p><div id=\"attachment_3511\" style=\"width: 310px\" class=\"wp-caption aligncenter\"><a href=\"http:\/\/vita-gv.fr\/wp-content\/uploads\/2018\/05\/P1170579-1.jpg\"><img decoding=\"async\" aria-describedby=\"caption-attachment-3511\" class=\"wp-image-3511 size-medium\" src=\"http:\/\/vita-gv.fr\/wp-content\/uploads\/2018\/05\/P1170579-1-300x166.jpg\" alt=\"\" width=\"300\" height=\"166\" srcset=\"https:\/\/vita-gv.fr\/wp-content\/uploads\/2018\/05\/P1170579-1-200x111.jpg 200w, https:\/\/vita-gv.fr\/wp-content\/uploads\/2018\/05\/P1170579-1-300x166.jpg 300w, https:\/\/vita-gv.fr\/wp-content\/uploads\/2018\/05\/P1170579-1-400x221.jpg 400w, https:\/\/vita-gv.fr\/wp-content\/uploads\/2018\/05\/P1170579-1-600x332.jpg 600w, https:\/\/vita-gv.fr\/wp-content\/uploads\/2018\/05\/P1170579-1-768x425.jpg 768w, https:\/\/vita-gv.fr\/wp-content\/uploads\/2018\/05\/P1170579-1-800x442.jpg 800w, https:\/\/vita-gv.fr\/wp-content\/uploads\/2018\/05\/P1170579-1-1024x566.jpg 1024w, https:\/\/vita-gv.fr\/wp-content\/uploads\/2018\/05\/P1170579-1-1200x663.jpg 1200w, https:\/\/vita-gv.fr\/wp-content\/uploads\/2018\/05\/P1170579-1.jpg 4133w\" sizes=\"(max-width: 300px) 100vw, 300px\" \/><\/a><p id=\"caption-attachment-3511\" class=\"wp-caption-text\"><center><span style=\"color: #000000;\"><strong>Regarde, Bernadette, je crois qu&rsquo;il y a quelque chose dans mon gobelet !<\/strong><\/span><\/center><\/p><\/div><\/td>\n<\/tr>\n<\/tbody>\n<\/table>\n<p>&nbsp;<\/p>\n<table width=\"100%\">\n<thead><\/thead>\n<tbody>\n<tr>\n<td style=\"texte-align: center;\">\n<p><div id=\"attachment_3501\" style=\"width: 310px\" class=\"wp-caption aligncenter\"><a href=\"http:\/\/vita-gv.fr\/wp-content\/uploads\/2018\/05\/P1170588.jpg\"><img decoding=\"async\" aria-describedby=\"caption-attachment-3501\" class=\"wp-image-3501 size-medium\" src=\"http:\/\/vita-gv.fr\/wp-content\/uploads\/2018\/05\/P1170588-300x225.jpg\" alt=\"\" width=\"300\" height=\"225\" srcset=\"https:\/\/vita-gv.fr\/wp-content\/uploads\/2018\/05\/P1170588-200x150.jpg 200w, https:\/\/vita-gv.fr\/wp-content\/uploads\/2018\/05\/P1170588-300x225.jpg 300w, https:\/\/vita-gv.fr\/wp-content\/uploads\/2018\/05\/P1170588-400x300.jpg 400w, https:\/\/vita-gv.fr\/wp-content\/uploads\/2018\/05\/P1170588-600x450.jpg 600w, https:\/\/vita-gv.fr\/wp-content\/uploads\/2018\/05\/P1170588-768x576.jpg 768w, https:\/\/vita-gv.fr\/wp-content\/uploads\/2018\/05\/P1170588-800x600.jpg 800w, https:\/\/vita-gv.fr\/wp-content\/uploads\/2018\/05\/P1170588-1024x768.jpg 1024w, https:\/\/vita-gv.fr\/wp-content\/uploads\/2018\/05\/P1170588-1200x900.jpg 1200w, https:\/\/vita-gv.fr\/wp-content\/uploads\/2018\/05\/P1170588.jpg 4320w\" sizes=\"(max-width: 300px) 100vw, 300px\" \/><\/a><p id=\"caption-attachment-3501\" class=\"wp-caption-text\"><center><span style=\"color: #000000;\"><strong>Quelle belle fabrique que ce pavillon Chinois du 18e si\u00e8cle ! (Entendez par fabrique, une architecture en miniature qui orne un parc)<\/strong><\/span><\/center><\/p><\/div><\/td>\n<td style=\"texte-align: center;\">\n<p><div id=\"attachment_3503\" style=\"width: 310px\" class=\"wp-caption aligncenter\"><a href=\"http:\/\/vita-gv.fr\/wp-content\/uploads\/2018\/05\/P1170598.jpg\"><img decoding=\"async\" aria-describedby=\"caption-attachment-3503\" class=\"wp-image-3503 size-medium\" src=\"http:\/\/vita-gv.fr\/wp-content\/uploads\/2018\/05\/P1170598-300x225.jpg\" alt=\"\" width=\"300\" height=\"225\" srcset=\"https:\/\/vita-gv.fr\/wp-content\/uploads\/2018\/05\/P1170598-200x150.jpg 200w, https:\/\/vita-gv.fr\/wp-content\/uploads\/2018\/05\/P1170598-300x225.jpg 300w, https:\/\/vita-gv.fr\/wp-content\/uploads\/2018\/05\/P1170598-400x300.jpg 400w, https:\/\/vita-gv.fr\/wp-content\/uploads\/2018\/05\/P1170598-600x450.jpg 600w, https:\/\/vita-gv.fr\/wp-content\/uploads\/2018\/05\/P1170598-768x576.jpg 768w, https:\/\/vita-gv.fr\/wp-content\/uploads\/2018\/05\/P1170598-800x600.jpg 800w, https:\/\/vita-gv.fr\/wp-content\/uploads\/2018\/05\/P1170598.jpg 1000w\" sizes=\"(max-width: 300px) 100vw, 300px\" \/><\/a><p id=\"caption-attachment-3503\" class=\"wp-caption-text\"><center><span style=\"color: #000000;\"><strong>Petit coup de barre apr\u00e8s le pique-nique ?<\/strong><\/span><\/center><\/p><\/div><\/td>\n<td style=\"texte-align: center;\">\n<p><div id=\"attachment_3502\" style=\"width: 235px\" class=\"wp-caption aligncenter\"><a href=\"http:\/\/vita-gv.fr\/wp-content\/uploads\/2018\/05\/P1170595.jpg\"><img decoding=\"async\" aria-describedby=\"caption-attachment-3502\" class=\"wp-image-3502 size-medium\" src=\"http:\/\/vita-gv.fr\/wp-content\/uploads\/2018\/05\/P1170595-225x300.jpg\" alt=\"\" width=\"225\" height=\"300\" srcset=\"https:\/\/vita-gv.fr\/wp-content\/uploads\/2018\/05\/P1170595-200x267.jpg 200w, https:\/\/vita-gv.fr\/wp-content\/uploads\/2018\/05\/P1170595-225x300.jpg 225w, https:\/\/vita-gv.fr\/wp-content\/uploads\/2018\/05\/P1170595-400x533.jpg 400w, https:\/\/vita-gv.fr\/wp-content\/uploads\/2018\/05\/P1170595-600x800.jpg 600w, https:\/\/vita-gv.fr\/wp-content\/uploads\/2018\/05\/P1170595-768x1024.jpg 768w, https:\/\/vita-gv.fr\/wp-content\/uploads\/2018\/05\/P1170595-800x1067.jpg 800w, https:\/\/vita-gv.fr\/wp-content\/uploads\/2018\/05\/P1170595-1200x1600.jpg 1200w, https:\/\/vita-gv.fr\/wp-content\/uploads\/2018\/05\/P1170595.jpg 3240w\" sizes=\"(max-width: 225px) 100vw, 225px\" \/><\/a><p id=\"caption-attachment-3502\" class=\"wp-caption-text\"><center><span style=\"color: #000000;\"><strong>Construit sur une base en pierres, servant de d\u00e9versoir \u00e0 l&rsquo;\u00e9tang, le pavillon Chinois&#8230;<\/strong><\/span><\/center><\/p><\/div><\/td>\n<\/tr>\n<\/tbody>\n<\/table>\n<p>&nbsp;<\/p>\n<table width=\"100%\">\n<thead><\/thead>\n<tbody>\n<tr>\n<td style=\"texte-align: center;\">\n<p><div id=\"attachment_3504\" style=\"width: 310px\" class=\"wp-caption aligncenter\"><a href=\"http:\/\/vita-gv.fr\/wp-content\/uploads\/2018\/05\/P1170603.jpg\"><img decoding=\"async\" aria-describedby=\"caption-attachment-3504\" class=\"wp-image-3504 size-medium\" src=\"http:\/\/vita-gv.fr\/wp-content\/uploads\/2018\/05\/P1170603-300x148.jpg\" alt=\"\" width=\"300\" height=\"148\" srcset=\"https:\/\/vita-gv.fr\/wp-content\/uploads\/2018\/05\/P1170603-200x99.jpg 200w, https:\/\/vita-gv.fr\/wp-content\/uploads\/2018\/05\/P1170603-300x148.jpg 300w, https:\/\/vita-gv.fr\/wp-content\/uploads\/2018\/05\/P1170603-400x198.jpg 400w, https:\/\/vita-gv.fr\/wp-content\/uploads\/2018\/05\/P1170603-600x296.jpg 600w, https:\/\/vita-gv.fr\/wp-content\/uploads\/2018\/05\/P1170603-768x379.jpg 768w, https:\/\/vita-gv.fr\/wp-content\/uploads\/2018\/05\/P1170603-800x395.jpg 800w, https:\/\/vita-gv.fr\/wp-content\/uploads\/2018\/05\/P1170603-1024x506.jpg 1024w, https:\/\/vita-gv.fr\/wp-content\/uploads\/2018\/05\/P1170603-1200x593.jpg 1200w, https:\/\/vita-gv.fr\/wp-content\/uploads\/2018\/05\/P1170603.jpg 4320w\" sizes=\"(max-width: 300px) 100vw, 300px\" \/><\/a><p id=\"caption-attachment-3504\" class=\"wp-caption-text\"><center><span style=\"color: #000000;\"><strong>Un des cinq \u00e9tangs de la Garenne o\u00f9 canards, cygnes, gr\u00e8bes&#8230;<\/strong><\/span><\/center><\/p><\/div><\/td>\n<\/tr>\n<\/tbody>\n<\/table>\n<p>&nbsp;<\/p>\n<table width=\"100%\">\n<thead><\/thead>\n<tbody>\n<tr>\n<td style=\"texte-align: center;\">\n<p><div id=\"attachment_3505\" style=\"width: 310px\" class=\"wp-caption aligncenter\"><a href=\"http:\/\/vita-gv.fr\/wp-content\/uploads\/2018\/05\/P1170605.jpg\"><img decoding=\"async\" aria-describedby=\"caption-attachment-3505\" class=\"wp-image-3505 size-medium\" src=\"http:\/\/vita-gv.fr\/wp-content\/uploads\/2018\/05\/P1170605-300x194.jpg\" alt=\"\" width=\"300\" height=\"194\" srcset=\"https:\/\/vita-gv.fr\/wp-content\/uploads\/2018\/05\/P1170605-200x129.jpg 200w, https:\/\/vita-gv.fr\/wp-content\/uploads\/2018\/05\/P1170605-300x194.jpg 300w, https:\/\/vita-gv.fr\/wp-content\/uploads\/2018\/05\/P1170605-400x259.jpg 400w, https:\/\/vita-gv.fr\/wp-content\/uploads\/2018\/05\/P1170605-600x388.jpg 600w, https:\/\/vita-gv.fr\/wp-content\/uploads\/2018\/05\/P1170605-768x497.jpg 768w, https:\/\/vita-gv.fr\/wp-content\/uploads\/2018\/05\/P1170605-800x518.jpg 800w, https:\/\/vita-gv.fr\/wp-content\/uploads\/2018\/05\/P1170605-1024x663.jpg 1024w, https:\/\/vita-gv.fr\/wp-content\/uploads\/2018\/05\/P1170605-1200x776.jpg 1200w, https:\/\/vita-gv.fr\/wp-content\/uploads\/2018\/05\/P1170605.jpg 4320w\" sizes=\"(max-width: 300px) 100vw, 300px\" \/><\/a><p id=\"caption-attachment-3505\" class=\"wp-caption-text\"><center><span style=\"color: #000000;\"><strong>Plus grande plage fluviale de France, la plage de l&rsquo;Isle Adam, cr\u00e9\u00e9e \u00e0 partir de 1910 par Henri Supplice&#8230;<\/strong><\/span><\/center><\/p><\/div><\/td>\n<td style=\"texte-align: center;\">\n<p><div id=\"attachment_3492\" style=\"width: 310px\" class=\"wp-caption aligncenter\"><a href=\"http:\/\/vita-gv.fr\/wp-content\/uploads\/2018\/05\/Cabines-plage-de-lIsle-Adam.jpg\"><img decoding=\"async\" aria-describedby=\"caption-attachment-3492\" class=\"wp-image-3492 size-medium\" src=\"http:\/\/vita-gv.fr\/wp-content\/uploads\/2018\/05\/Cabines-plage-de-lIsle-Adam-300x201.jpg\" alt=\"\" width=\"300\" height=\"201\" srcset=\"https:\/\/vita-gv.fr\/wp-content\/uploads\/2018\/05\/Cabines-plage-de-lIsle-Adam-200x134.jpg 200w, https:\/\/vita-gv.fr\/wp-content\/uploads\/2018\/05\/Cabines-plage-de-lIsle-Adam-300x201.jpg 300w, https:\/\/vita-gv.fr\/wp-content\/uploads\/2018\/05\/Cabines-plage-de-lIsle-Adam-400x268.jpg 400w, https:\/\/vita-gv.fr\/wp-content\/uploads\/2018\/05\/Cabines-plage-de-lIsle-Adam-600x401.jpg 600w, https:\/\/vita-gv.fr\/wp-content\/uploads\/2018\/05\/Cabines-plage-de-lIsle-Adam-768x514.jpg 768w, https:\/\/vita-gv.fr\/wp-content\/uploads\/2018\/05\/Cabines-plage-de-lIsle-Adam-800x535.jpg 800w, https:\/\/vita-gv.fr\/wp-content\/uploads\/2018\/05\/Cabines-plage-de-lIsle-Adam.jpg 894w\" sizes=\"(max-width: 300px) 100vw, 300px\" \/><\/a><p id=\"caption-attachment-3492\" class=\"wp-caption-text\"><center><span style=\"color: #000000;\"><strong>La plage de l&rsquo;Isle Adam et ses cabines de style normand&#8230;<\/strong><\/span><\/center><\/p><\/div><\/td>\n<\/tr>\n<\/tbody>\n<\/table>\n<p>&nbsp;<\/p>\n<table width=\"100%\">\n<thead><\/thead>\n<tbody>\n<tr>\n<td style=\"texte-align: center;\">\n<p><div id=\"attachment_3510\" style=\"width: 310px\" class=\"wp-caption aligncenter\"><a href=\"http:\/\/vita-gv.fr\/wp-content\/uploads\/2018\/05\/P1170627.jpg\"><img decoding=\"async\" aria-describedby=\"caption-attachment-3510\" class=\"wp-image-3510 size-medium\" src=\"http:\/\/vita-gv.fr\/wp-content\/uploads\/2018\/05\/P1170627-300x185.jpg\" alt=\"\" width=\"300\" height=\"185\" srcset=\"https:\/\/vita-gv.fr\/wp-content\/uploads\/2018\/05\/P1170627-200x123.jpg 200w, https:\/\/vita-gv.fr\/wp-content\/uploads\/2018\/05\/P1170627-300x185.jpg 300w, https:\/\/vita-gv.fr\/wp-content\/uploads\/2018\/05\/P1170627-400x246.jpg 400w, https:\/\/vita-gv.fr\/wp-content\/uploads\/2018\/05\/P1170627-600x369.jpg 600w, https:\/\/vita-gv.fr\/wp-content\/uploads\/2018\/05\/P1170627-768x473.jpg 768w, https:\/\/vita-gv.fr\/wp-content\/uploads\/2018\/05\/P1170627-800x492.jpg 800w, https:\/\/vita-gv.fr\/wp-content\/uploads\/2018\/05\/P1170627-1024x630.jpg 1024w, https:\/\/vita-gv.fr\/wp-content\/uploads\/2018\/05\/P1170627-1200x739.jpg 1200w, https:\/\/vita-gv.fr\/wp-content\/uploads\/2018\/05\/P1170627.jpg 4320w\" sizes=\"(max-width: 300px) 100vw, 300px\" \/><\/a><p id=\"caption-attachment-3510\" class=\"wp-caption-text\"><center><span style=\"color: #000000;\"><strong>Construit au d\u00e9but du 16e si\u00e8cle, le pont du Cabouillet, reliant l&rsquo;\u00eele de la Cohue \u00e0 la rive de l&rsquo;Oise, a vu passer sous ses arches, jusqu&rsquo;en 1866, tout le trafic fluvial&#8230;<\/strong><\/span><\/center><\/p><\/div><\/td>\n<td style=\"texte-align: center;\">\n<p><div id=\"attachment_3506\" style=\"width: 235px\" class=\"wp-caption aligncenter\"><a href=\"http:\/\/vita-gv.fr\/wp-content\/uploads\/2018\/05\/P1170610.jpg\"><img decoding=\"async\" aria-describedby=\"caption-attachment-3506\" class=\"wp-image-3506 size-medium\" src=\"http:\/\/vita-gv.fr\/wp-content\/uploads\/2018\/05\/P1170610-225x300.jpg\" alt=\"\" width=\"225\" height=\"300\" srcset=\"https:\/\/vita-gv.fr\/wp-content\/uploads\/2018\/05\/P1170610-200x267.jpg 200w, https:\/\/vita-gv.fr\/wp-content\/uploads\/2018\/05\/P1170610-225x300.jpg 225w, https:\/\/vita-gv.fr\/wp-content\/uploads\/2018\/05\/P1170610-400x533.jpg 400w, https:\/\/vita-gv.fr\/wp-content\/uploads\/2018\/05\/P1170610-600x800.jpg 600w, https:\/\/vita-gv.fr\/wp-content\/uploads\/2018\/05\/P1170610-768x1024.jpg 768w, https:\/\/vita-gv.fr\/wp-content\/uploads\/2018\/05\/P1170610-800x1067.jpg 800w, https:\/\/vita-gv.fr\/wp-content\/uploads\/2018\/05\/P1170610-1200x1600.jpg 1200w, https:\/\/vita-gv.fr\/wp-content\/uploads\/2018\/05\/P1170610.jpg 3240w\" sizes=\"(max-width: 225px) 100vw, 225px\" \/><\/a><p id=\"caption-attachment-3506\" class=\"wp-caption-text\"><center><span style=\"color: #000000;\"><strong>La petite sir\u00e8ne Evila (contraction de Eve de l&rsquo;Isle Adam)<\/strong><\/span><\/center><\/p><\/div><\/td>\n<\/tr>\n<\/tbody>\n<\/table>\n<p>&nbsp;<\/p>\n<table width=\"100%\">\n<thead><\/thead>\n<tbody>\n<tr>\n<td style=\"texte-align: center;\">\n<p><div id=\"attachment_3487\" style=\"width: 310px\" class=\"wp-caption aligncenter\"><a href=\"http:\/\/vita-gv.fr\/wp-content\/uploads\/2018\/05\/P1170631-1.jpg\"><img decoding=\"async\" aria-describedby=\"caption-attachment-3487\" class=\"wp-image-3487 size-medium\" src=\"http:\/\/vita-gv.fr\/wp-content\/uploads\/2018\/05\/P1170631-300x179.jpg\" alt=\"\" width=\"300\" height=\"179\" srcset=\"https:\/\/vita-gv.fr\/wp-content\/uploads\/2018\/05\/P1170631-200x119.jpg 200w, https:\/\/vita-gv.fr\/wp-content\/uploads\/2018\/05\/P1170631-300x179.jpg 300w, https:\/\/vita-gv.fr\/wp-content\/uploads\/2018\/05\/P1170631-400x238.jpg 400w, https:\/\/vita-gv.fr\/wp-content\/uploads\/2018\/05\/P1170631-600x357.jpg 600w, https:\/\/vita-gv.fr\/wp-content\/uploads\/2018\/05\/P1170631-768x457.jpg 768w, https:\/\/vita-gv.fr\/wp-content\/uploads\/2018\/05\/P1170631-800x476.jpg 800w, https:\/\/vita-gv.fr\/wp-content\/uploads\/2018\/05\/P1170631-1024x609.jpg 1024w, https:\/\/vita-gv.fr\/wp-content\/uploads\/2018\/05\/P1170631-1200x714.jpg 1200w, https:\/\/vita-gv.fr\/wp-content\/uploads\/2018\/05\/P1170631.jpg 4305w\" sizes=\"(max-width: 300px) 100vw, 300px\" \/><\/a><p id=\"caption-attachment-3487\" class=\"wp-caption-text\"><center><span style=\"color: #000000;\"><strong>La navigation sur l&rsquo;Oise se d\u00e9veloppant&#8230;<\/strong><\/span><\/center><\/p><\/div><\/td>\n<\/tr>\n<\/tbody>\n<\/table>\n<p>&nbsp;<\/p>\n<table width=\"100%\">\n<thead><\/thead>\n<tbody>\n<tr>\n<td style=\"texte-align: center;\">\n<p><div id=\"attachment_3507\" style=\"width: 284px\" class=\"wp-caption aligncenter\"><a href=\"http:\/\/vita-gv.fr\/wp-content\/uploads\/2018\/05\/P1170611.jpg\"><img decoding=\"async\" aria-describedby=\"caption-attachment-3507\" class=\"wp-image-3507 size-medium\" src=\"http:\/\/vita-gv.fr\/wp-content\/uploads\/2018\/05\/P1170611-274x300.jpg\" alt=\"\" width=\"274\" height=\"300\" srcset=\"https:\/\/vita-gv.fr\/wp-content\/uploads\/2018\/05\/P1170611-200x219.jpg 200w, https:\/\/vita-gv.fr\/wp-content\/uploads\/2018\/05\/P1170611-274x300.jpg 274w, https:\/\/vita-gv.fr\/wp-content\/uploads\/2018\/05\/P1170611-400x438.jpg 400w, https:\/\/vita-gv.fr\/wp-content\/uploads\/2018\/05\/P1170611-600x657.jpg 600w, https:\/\/vita-gv.fr\/wp-content\/uploads\/2018\/05\/P1170611-768x841.jpg 768w, https:\/\/vita-gv.fr\/wp-content\/uploads\/2018\/05\/P1170611-800x876.jpg 800w, https:\/\/vita-gv.fr\/wp-content\/uploads\/2018\/05\/P1170611-935x1024.jpg 935w, https:\/\/vita-gv.fr\/wp-content\/uploads\/2018\/05\/P1170611-1200x1314.jpg 1200w, https:\/\/vita-gv.fr\/wp-content\/uploads\/2018\/05\/P1170611.jpg 3206w\" sizes=\"(max-width: 274px) 100vw, 274px\" \/><\/a><p id=\"caption-attachment-3507\" class=\"wp-caption-text\"><center><span style=\"color: #000000;\"><strong>L&rsquo;\u00e9glise Saint-Martin, (15e-16e si\u00e8cle) appara\u00eet comme un monument du d\u00e9but de la Renaissance, avec quelques souvenirs gothiques, tels&#8230;<\/strong><\/span><\/center><\/p><\/div><\/td>\n<td style=\"texte-align: center;\">\n<p><div id=\"attachment_3493\" style=\"width: 310px\" class=\"wp-caption aligncenter\"><a href=\"http:\/\/vita-gv.fr\/wp-content\/uploads\/2018\/05\/Eglise-st-Martin-de-lIsle-Adam.jpg\"><img decoding=\"async\" aria-describedby=\"caption-attachment-3493\" class=\"wp-image-3493 size-medium\" src=\"http:\/\/vita-gv.fr\/wp-content\/uploads\/2018\/05\/Eglise-st-Martin-de-lIsle-Adam-300x223.jpg\" alt=\"\" width=\"300\" height=\"223\" srcset=\"https:\/\/vita-gv.fr\/wp-content\/uploads\/2018\/05\/Eglise-st-Martin-de-lIsle-Adam-200x148.jpg 200w, https:\/\/vita-gv.fr\/wp-content\/uploads\/2018\/05\/Eglise-st-Martin-de-lIsle-Adam-300x223.jpg 300w, https:\/\/vita-gv.fr\/wp-content\/uploads\/2018\/05\/Eglise-st-Martin-de-lIsle-Adam-400x297.jpg 400w, https:\/\/vita-gv.fr\/wp-content\/uploads\/2018\/05\/Eglise-st-Martin-de-lIsle-Adam.jpg 438w\" sizes=\"(max-width: 300px) 100vw, 300px\" \/><\/a><p id=\"caption-attachment-3493\" class=\"wp-caption-text\"><center><span style=\"color: #000000;\"><strong>Au cours d&rsquo;une r\u00e9novation en 2010, la crypte de l&rsquo;\u00e9glise Saint-Martin, contenant le cercueil de Louis Fran\u00e7ois de Bourbon, Prince de Conti, avant dernier seigneur de l&rsquo;Isle Adam, d\u00e9c\u00e9d\u00e9 en 1776, a \u00e9t\u00e9 ouverte&#8230;<\/strong><\/span><\/center><\/p><\/div><\/td>\n<\/tr>\n<\/tbody>\n<\/table>\n<p>&nbsp;<\/p>\n<table width=\"100%\">\n<thead><\/thead>\n<tbody>\n<tr>\n<td style=\"texte-align: center;\">\n<p><div id=\"attachment_3508\" style=\"width: 310px\" class=\"wp-caption aligncenter\"><a href=\"http:\/\/vita-gv.fr\/wp-content\/uploads\/2018\/05\/P1170622.jpg\"><img decoding=\"async\" aria-describedby=\"caption-attachment-3508\" class=\"wp-image-3508 size-medium\" src=\"http:\/\/vita-gv.fr\/wp-content\/uploads\/2018\/05\/P1170622-300x225.jpg\" alt=\"\" width=\"300\" height=\"225\" srcset=\"https:\/\/vita-gv.fr\/wp-content\/uploads\/2018\/05\/P1170622-200x150.jpg 200w, https:\/\/vita-gv.fr\/wp-content\/uploads\/2018\/05\/P1170622-300x225.jpg 300w, https:\/\/vita-gv.fr\/wp-content\/uploads\/2018\/05\/P1170622-400x300.jpg 400w, https:\/\/vita-gv.fr\/wp-content\/uploads\/2018\/05\/P1170622-600x450.jpg 600w, https:\/\/vita-gv.fr\/wp-content\/uploads\/2018\/05\/P1170622-768x576.jpg 768w, https:\/\/vita-gv.fr\/wp-content\/uploads\/2018\/05\/P1170622-800x600.jpg 800w, https:\/\/vita-gv.fr\/wp-content\/uploads\/2018\/05\/P1170622-1024x768.jpg 1024w, https:\/\/vita-gv.fr\/wp-content\/uploads\/2018\/05\/P1170622-1200x900.jpg 1200w, https:\/\/vita-gv.fr\/wp-content\/uploads\/2018\/05\/P1170622.jpg 4320w\" sizes=\"(max-width: 300px) 100vw, 300px\" \/><\/a><p id=\"caption-attachment-3508\" class=\"wp-caption-text\"><center><span style=\"color: #000000;\"><strong>La maison des Jos\u00e9phites, construite vers 1660, sur les ordres du prince Armand de Bourbon-Conti, seigneur des lieux, pour en faire une \u00e9cole gratuite pour les enfants de L&rsquo;Isle-Adam&#8230;<\/strong><\/span><\/center><\/p><\/div><\/td>\n<\/tr>\n<\/tbody>\n<\/table>\n<p>&nbsp;<\/p>\n<table width=\"100%\">\n<thead><\/thead>\n<tbody>\n<tr>\n<td style=\"texte-align: center;\">\n<p><div id=\"attachment_3513\" style=\"width: 310px\" class=\"wp-caption aligncenter\"><a href=\"http:\/\/vita-gv.fr\/wp-content\/uploads\/2018\/05\/P1170632-1.jpg\"><img decoding=\"async\" aria-describedby=\"caption-attachment-3513\" class=\"wp-image-3513 size-medium\" src=\"http:\/\/vita-gv.fr\/wp-content\/uploads\/2018\/05\/P1170632-1-300x225.jpg\" alt=\"\" width=\"300\" height=\"225\" srcset=\"https:\/\/vita-gv.fr\/wp-content\/uploads\/2018\/05\/P1170632-1-200x150.jpg 200w, https:\/\/vita-gv.fr\/wp-content\/uploads\/2018\/05\/P1170632-1-300x225.jpg 300w, https:\/\/vita-gv.fr\/wp-content\/uploads\/2018\/05\/P1170632-1-400x300.jpg 400w, https:\/\/vita-gv.fr\/wp-content\/uploads\/2018\/05\/P1170632-1-600x450.jpg 600w, https:\/\/vita-gv.fr\/wp-content\/uploads\/2018\/05\/P1170632-1-768x576.jpg 768w, https:\/\/vita-gv.fr\/wp-content\/uploads\/2018\/05\/P1170632-1-800x600.jpg 800w, https:\/\/vita-gv.fr\/wp-content\/uploads\/2018\/05\/P1170632-1-1024x768.jpg 1024w, https:\/\/vita-gv.fr\/wp-content\/uploads\/2018\/05\/P1170632-1-1200x900.jpg 1200w, https:\/\/vita-gv.fr\/wp-content\/uploads\/2018\/05\/P1170632-1.jpg 4320w\" sizes=\"(max-width: 300px) 100vw, 300px\" \/><\/a><p id=\"caption-attachment-3513\" class=\"wp-caption-text\"><center><span style=\"color: #000000;\"><strong>Ce que l&rsquo;on appelle aujourd&rsquo;hui \u00ab\u00a0Ch\u00e2teau Conti\u00a0\u00bb est en fait une belle maison bourgeoise \u00e9difi\u00e9e par Alfred Ducamp sur l&#8217;emplacement o\u00f9 se sont succ\u00e9d\u00e9s&#8230;<\/strong><\/span><\/center><\/p><\/div><\/td>\n<td style=\"texte-align: center;\">\n<p><div id=\"attachment_3491\" style=\"width: 310px\" class=\"wp-caption aligncenter\"><a href=\"http:\/\/vita-gv.fr\/wp-content\/uploads\/2018\/05\/randonnee.jpg\"><img decoding=\"async\" aria-describedby=\"caption-attachment-3491\" class=\"wp-image-3491 size-medium\" src=\"http:\/\/vita-gv.fr\/wp-content\/uploads\/2018\/05\/randonnee-300x225.jpg\" alt=\"\" width=\"300\" height=\"225\" srcset=\"https:\/\/vita-gv.fr\/wp-content\/uploads\/2018\/05\/randonnee-200x150.jpg 200w, https:\/\/vita-gv.fr\/wp-content\/uploads\/2018\/05\/randonnee-300x225.jpg 300w, https:\/\/vita-gv.fr\/wp-content\/uploads\/2018\/05\/randonnee-400x300.jpg 400w, https:\/\/vita-gv.fr\/wp-content\/uploads\/2018\/05\/randonnee-600x450.jpg 600w, https:\/\/vita-gv.fr\/wp-content\/uploads\/2018\/05\/randonnee-768x576.jpg 768w, https:\/\/vita-gv.fr\/wp-content\/uploads\/2018\/05\/randonnee-800x600.jpg 800w, https:\/\/vita-gv.fr\/wp-content\/uploads\/2018\/05\/randonnee.jpg 1000w\" sizes=\"(max-width: 300px) 100vw, 300px\" \/><\/a><p id=\"caption-attachment-3491\" class=\"wp-caption-text\"><center><span style=\"color: #000000;\"><strong>Les \u00e9curies du ch\u00e2teau Conti pouvaient loger 225 chevaux disposant d&rsquo;un abreuvoir individuel&#8230;<\/strong><\/span><\/center><\/p><\/div><\/td>\n<\/tr>\n<\/tbody>\n<\/table>\n<p>&nbsp;<\/p>\n<table width=\"100%\">\n<thead><\/thead>\n<tbody>\n<tr>\n<td style=\"texte-align: center;\">\n<p><div id=\"attachment_3489\" style=\"width: 310px\" class=\"wp-caption aligncenter\"><a href=\"http:\/\/vita-gv.fr\/wp-content\/uploads\/2018\/05\/P1170641-1.jpg\"><img decoding=\"async\" aria-describedby=\"caption-attachment-3489\" class=\"wp-image-3489 size-medium\" src=\"http:\/\/vita-gv.fr\/wp-content\/uploads\/2018\/05\/P1170641-300x225.jpg\" alt=\"\" width=\"300\" height=\"225\" srcset=\"https:\/\/vita-gv.fr\/wp-content\/uploads\/2018\/05\/P1170641-200x150.jpg 200w, https:\/\/vita-gv.fr\/wp-content\/uploads\/2018\/05\/P1170641-300x225.jpg 300w, https:\/\/vita-gv.fr\/wp-content\/uploads\/2018\/05\/P1170641-400x300.jpg 400w, https:\/\/vita-gv.fr\/wp-content\/uploads\/2018\/05\/P1170641-600x450.jpg 600w, https:\/\/vita-gv.fr\/wp-content\/uploads\/2018\/05\/P1170641-768x576.jpg 768w, https:\/\/vita-gv.fr\/wp-content\/uploads\/2018\/05\/P1170641-800x600.jpg 800w, https:\/\/vita-gv.fr\/wp-content\/uploads\/2018\/05\/P1170641-1024x768.jpg 1024w, https:\/\/vita-gv.fr\/wp-content\/uploads\/2018\/05\/P1170641-1200x900.jpg 1200w, https:\/\/vita-gv.fr\/wp-content\/uploads\/2018\/05\/P1170641.jpg 4320w\" sizes=\"(max-width: 300px) 100vw, 300px\" \/><\/a><p id=\"caption-attachment-3489\" class=\"wp-caption-text\"><center><span style=\"color: #000000;\"><strong>Comme dit le proverbe qu\u00e9b\u00e9cois,<br \/>Toute bonne chose a une fin.<\/strong><\/span><\/center><\/p><\/div><\/td>\n<\/tr>\n<\/tbody>\n<\/table>\n<h3 style=\"text-align: center;\"><strong>\u00a0A bient\u00f4t pour d&rsquo;autres aventures !<\/strong><\/h3>\n<h3 style=\"text-align: center;\"><strong>Claire<\/strong><\/h3>\n","protected":false},"excerpt":{"rendered":"<p>\u00a0Ce circuit, au d\u00e9part de M\u00e9riel, a conduit nos randonneurs [&hellip;]<\/p>\n","protected":false},"author":1,"featured_media":3513,"comment_status":"closed","ping_status":"closed","sticky":false,"template":"","format":"standard","meta":{"footnotes":""},"categories":[3],"tags":[],"class_list":["post-2991","post","type-post","status-publish","format-standard","has-post-thumbnail","hentry","category-rdv"],"yoast_head":"<!-- This site is optimized with the Yoast SEO plugin v26.9 - https:\/\/yoast.com\/product\/yoast-seo-wordpress\/ -->\n<title>Randonn\u00e9e en for\u00eat de l&#039;Isle Adam du 15 octobre 2017 - VITA-GV<\/title>\n<meta name=\"robots\" content=\"index, follow, max-snippet:-1, max-image-preview:large, max-video-preview:-1\" \/>\n<link rel=\"canonical\" href=\"https:\/\/vita-gv.fr\/index.php\/2018\/03\/05\/randonnee-en-foret-de-lisle-adam-du-15-octobre-2017\/\" \/>\n<meta property=\"og:locale\" content=\"fr_FR\" \/>\n<meta property=\"og:type\" content=\"article\" \/>\n<meta property=\"og:title\" content=\"Randonn\u00e9e en for\u00eat de l&#039;Isle Adam du 15 octobre 2017 - VITA-GV\" \/>\n<meta property=\"og:description\" content=\"\u00a0Ce circuit, au d\u00e9part de M\u00e9riel, a conduit nos randonneurs [&hellip;]\" \/>\n<meta property=\"og:url\" content=\"https:\/\/vita-gv.fr\/index.php\/2018\/03\/05\/randonnee-en-foret-de-lisle-adam-du-15-octobre-2017\/\" \/>\n<meta property=\"og:site_name\" content=\"VITA-GV\" \/>\n<meta property=\"article:published_time\" content=\"2018-03-05T10:05:08+00:00\" \/>\n<meta property=\"article:modified_time\" content=\"2025-05-02T09:26:13+00:00\" \/>\n<meta property=\"og:image\" content=\"https:\/\/vita-gv.fr\/wp-content\/uploads\/2018\/05\/P1170632-1-1024x768.jpg\" \/>\n\t<meta property=\"og:image:width\" content=\"1024\" \/>\n\t<meta property=\"og:image:height\" content=\"768\" \/>\n\t<meta property=\"og:image:type\" content=\"image\/jpeg\" \/>\n<meta name=\"author\" content=\"admin5947\" \/>\n<meta name=\"twitter:card\" content=\"summary_large_image\" \/>\n<meta name=\"twitter:label1\" content=\"\u00c9crit par\" \/>\n\t<meta name=\"twitter:data1\" content=\"admin5947\" \/>\n\t<meta name=\"twitter:label2\" content=\"Dur\u00e9e de lecture estim\u00e9e\" \/>\n\t<meta name=\"twitter:data2\" content=\"3 minutes\" \/>\n<script type=\"application\/ld+json\" class=\"yoast-schema-graph\">{\"@context\":\"https:\/\/schema.org\",\"@graph\":[{\"@type\":\"Article\",\"@id\":\"https:\/\/vita-gv.fr\/index.php\/2018\/03\/05\/randonnee-en-foret-de-lisle-adam-du-15-octobre-2017\/#article\",\"isPartOf\":{\"@id\":\"https:\/\/vita-gv.fr\/index.php\/2018\/03\/05\/randonnee-en-foret-de-lisle-adam-du-15-octobre-2017\/\"},\"author\":{\"name\":\"admin5947\",\"@id\":\"https:\/\/vita-gv.fr\/#\/schema\/person\/ec99f45ad7b80175458c6dc821c0eb6c\"},\"headline\":\"Randonn\u00e9e en for\u00eat de l&rsquo;Isle Adam du 15 octobre 2017\",\"datePublished\":\"2018-03-05T10:05:08+00:00\",\"dateModified\":\"2025-05-02T09:26:13+00:00\",\"mainEntityOfPage\":{\"@id\":\"https:\/\/vita-gv.fr\/index.php\/2018\/03\/05\/randonnee-en-foret-de-lisle-adam-du-15-octobre-2017\/\"},\"wordCount\":626,\"publisher\":{\"@id\":\"https:\/\/vita-gv.fr\/#organization\"},\"image\":{\"@id\":\"https:\/\/vita-gv.fr\/index.php\/2018\/03\/05\/randonnee-en-foret-de-lisle-adam-du-15-octobre-2017\/#primaryimage\"},\"thumbnailUrl\":\"https:\/\/vita-gv.fr\/wp-content\/uploads\/2018\/05\/P1170632-1.jpg\",\"articleSection\":[\"RDV SPORTIFS &amp; CULTURELS\"],\"inLanguage\":\"fr-FR\"},{\"@type\":\"WebPage\",\"@id\":\"https:\/\/vita-gv.fr\/index.php\/2018\/03\/05\/randonnee-en-foret-de-lisle-adam-du-15-octobre-2017\/\",\"url\":\"https:\/\/vita-gv.fr\/index.php\/2018\/03\/05\/randonnee-en-foret-de-lisle-adam-du-15-octobre-2017\/\",\"name\":\"Randonn\u00e9e en for\u00eat de l'Isle Adam du 15 octobre 2017 - VITA-GV\",\"isPartOf\":{\"@id\":\"https:\/\/vita-gv.fr\/#website\"},\"primaryImageOfPage\":{\"@id\":\"https:\/\/vita-gv.fr\/index.php\/2018\/03\/05\/randonnee-en-foret-de-lisle-adam-du-15-octobre-2017\/#primaryimage\"},\"image\":{\"@id\":\"https:\/\/vita-gv.fr\/index.php\/2018\/03\/05\/randonnee-en-foret-de-lisle-adam-du-15-octobre-2017\/#primaryimage\"},\"thumbnailUrl\":\"https:\/\/vita-gv.fr\/wp-content\/uploads\/2018\/05\/P1170632-1.jpg\",\"datePublished\":\"2018-03-05T10:05:08+00:00\",\"dateModified\":\"2025-05-02T09:26:13+00:00\",\"breadcrumb\":{\"@id\":\"https:\/\/vita-gv.fr\/index.php\/2018\/03\/05\/randonnee-en-foret-de-lisle-adam-du-15-octobre-2017\/#breadcrumb\"},\"inLanguage\":\"fr-FR\",\"potentialAction\":[{\"@type\":\"ReadAction\",\"target\":[\"https:\/\/vita-gv.fr\/index.php\/2018\/03\/05\/randonnee-en-foret-de-lisle-adam-du-15-octobre-2017\/\"]}]},{\"@type\":\"ImageObject\",\"inLanguage\":\"fr-FR\",\"@id\":\"https:\/\/vita-gv.fr\/index.php\/2018\/03\/05\/randonnee-en-foret-de-lisle-adam-du-15-octobre-2017\/#primaryimage\",\"url\":\"https:\/\/vita-gv.fr\/wp-content\/uploads\/2018\/05\/P1170632-1.jpg\",\"contentUrl\":\"https:\/\/vita-gv.fr\/wp-content\/uploads\/2018\/05\/P1170632-1.jpg\",\"width\":4320,\"height\":3240,\"caption\":\"L'Isle Adam : Le ch\u00e2teau Conti situ\u00e9 sur l'\u00eele du Prieur\u00e9\"},{\"@type\":\"BreadcrumbList\",\"@id\":\"https:\/\/vita-gv.fr\/index.php\/2018\/03\/05\/randonnee-en-foret-de-lisle-adam-du-15-octobre-2017\/#breadcrumb\",\"itemListElement\":[{\"@type\":\"ListItem\",\"position\":1,\"name\":\"Accueil\",\"item\":\"https:\/\/vita-gv.fr\/\"},{\"@type\":\"ListItem\",\"position\":2,\"name\":\"Randonn\u00e9e en for\u00eat de l&rsquo;Isle Adam du 15 octobre 2017\"}]},{\"@type\":\"WebSite\",\"@id\":\"https:\/\/vita-gv.fr\/#website\",\"url\":\"https:\/\/vita-gv.fr\/\",\"name\":\"VITA-GV\",\"description\":\"Gymnastique volontaire de Vincennes\",\"publisher\":{\"@id\":\"https:\/\/vita-gv.fr\/#organization\"},\"potentialAction\":[{\"@type\":\"SearchAction\",\"target\":{\"@type\":\"EntryPoint\",\"urlTemplate\":\"https:\/\/vita-gv.fr\/?s={search_term_string}\"},\"query-input\":{\"@type\":\"PropertyValueSpecification\",\"valueRequired\":true,\"valueName\":\"search_term_string\"}}],\"inLanguage\":\"fr-FR\"},{\"@type\":\"Organization\",\"@id\":\"https:\/\/vita-gv.fr\/#organization\",\"name\":\"VITA-GV\",\"url\":\"https:\/\/vita-gv.fr\/\",\"logo\":{\"@type\":\"ImageObject\",\"inLanguage\":\"fr-FR\",\"@id\":\"https:\/\/vita-gv.fr\/#\/schema\/logo\/image\/\",\"url\":\"https:\/\/vita-gv.fr\/wp-content\/uploads\/2018\/04\/logo-QCLSS-17-21-A094002-COULEUR.jpeg\",\"contentUrl\":\"https:\/\/vita-gv.fr\/wp-content\/uploads\/2018\/04\/logo-QCLSS-17-21-A094002-COULEUR.jpeg\",\"width\":476,\"height\":693,\"caption\":\"VITA-GV\"},\"image\":{\"@id\":\"https:\/\/vita-gv.fr\/#\/schema\/logo\/image\/\"}},{\"@type\":\"Person\",\"@id\":\"https:\/\/vita-gv.fr\/#\/schema\/person\/ec99f45ad7b80175458c6dc821c0eb6c\",\"name\":\"admin5947\",\"image\":{\"@type\":\"ImageObject\",\"inLanguage\":\"fr-FR\",\"@id\":\"https:\/\/vita-gv.fr\/#\/schema\/person\/image\/\",\"url\":\"https:\/\/secure.gravatar.com\/avatar\/d7c35d0140468ac4063a5ac8fe7abd4764a6cd72fe33a534b055a084329bdcac?s=96&d=mm&r=g\",\"contentUrl\":\"https:\/\/secure.gravatar.com\/avatar\/d7c35d0140468ac4063a5ac8fe7abd4764a6cd72fe33a534b055a084329bdcac?s=96&d=mm&r=g\",\"caption\":\"admin5947\"},\"url\":\"https:\/\/vita-gv.fr\/index.php\/author\/admin5947\/\"}]}<\/script>\n<!-- \/ Yoast SEO plugin. -->","yoast_head_json":{"title":"Randonn\u00e9e en for\u00eat de l'Isle Adam du 15 octobre 2017 - VITA-GV","robots":{"index":"index","follow":"follow","max-snippet":"max-snippet:-1","max-image-preview":"max-image-preview:large","max-video-preview":"max-video-preview:-1"},"canonical":"https:\/\/vita-gv.fr\/index.php\/2018\/03\/05\/randonnee-en-foret-de-lisle-adam-du-15-octobre-2017\/","og_locale":"fr_FR","og_type":"article","og_title":"Randonn\u00e9e en for\u00eat de l'Isle Adam du 15 octobre 2017 - VITA-GV","og_description":"\u00a0Ce circuit, au d\u00e9part de M\u00e9riel, a conduit nos randonneurs [&hellip;]","og_url":"https:\/\/vita-gv.fr\/index.php\/2018\/03\/05\/randonnee-en-foret-de-lisle-adam-du-15-octobre-2017\/","og_site_name":"VITA-GV","article_published_time":"2018-03-05T10:05:08+00:00","article_modified_time":"2025-05-02T09:26:13+00:00","og_image":[{"width":1024,"height":768,"url":"https:\/\/vita-gv.fr\/wp-content\/uploads\/2018\/05\/P1170632-1-1024x768.jpg","type":"image\/jpeg"}],"author":"admin5947","twitter_card":"summary_large_image","twitter_misc":{"\u00c9crit par":"admin5947","Dur\u00e9e de lecture estim\u00e9e":"3 minutes"},"schema":{"@context":"https:\/\/schema.org","@graph":[{"@type":"Article","@id":"https:\/\/vita-gv.fr\/index.php\/2018\/03\/05\/randonnee-en-foret-de-lisle-adam-du-15-octobre-2017\/#article","isPartOf":{"@id":"https:\/\/vita-gv.fr\/index.php\/2018\/03\/05\/randonnee-en-foret-de-lisle-adam-du-15-octobre-2017\/"},"author":{"name":"admin5947","@id":"https:\/\/vita-gv.fr\/#\/schema\/person\/ec99f45ad7b80175458c6dc821c0eb6c"},"headline":"Randonn\u00e9e en for\u00eat de l&rsquo;Isle Adam du 15 octobre 2017","datePublished":"2018-03-05T10:05:08+00:00","dateModified":"2025-05-02T09:26:13+00:00","mainEntityOfPage":{"@id":"https:\/\/vita-gv.fr\/index.php\/2018\/03\/05\/randonnee-en-foret-de-lisle-adam-du-15-octobre-2017\/"},"wordCount":626,"publisher":{"@id":"https:\/\/vita-gv.fr\/#organization"},"image":{"@id":"https:\/\/vita-gv.fr\/index.php\/2018\/03\/05\/randonnee-en-foret-de-lisle-adam-du-15-octobre-2017\/#primaryimage"},"thumbnailUrl":"https:\/\/vita-gv.fr\/wp-content\/uploads\/2018\/05\/P1170632-1.jpg","articleSection":["RDV SPORTIFS &amp; CULTURELS"],"inLanguage":"fr-FR"},{"@type":"WebPage","@id":"https:\/\/vita-gv.fr\/index.php\/2018\/03\/05\/randonnee-en-foret-de-lisle-adam-du-15-octobre-2017\/","url":"https:\/\/vita-gv.fr\/index.php\/2018\/03\/05\/randonnee-en-foret-de-lisle-adam-du-15-octobre-2017\/","name":"Randonn\u00e9e en for\u00eat de l'Isle Adam du 15 octobre 2017 - VITA-GV","isPartOf":{"@id":"https:\/\/vita-gv.fr\/#website"},"primaryImageOfPage":{"@id":"https:\/\/vita-gv.fr\/index.php\/2018\/03\/05\/randonnee-en-foret-de-lisle-adam-du-15-octobre-2017\/#primaryimage"},"image":{"@id":"https:\/\/vita-gv.fr\/index.php\/2018\/03\/05\/randonnee-en-foret-de-lisle-adam-du-15-octobre-2017\/#primaryimage"},"thumbnailUrl":"https:\/\/vita-gv.fr\/wp-content\/uploads\/2018\/05\/P1170632-1.jpg","datePublished":"2018-03-05T10:05:08+00:00","dateModified":"2025-05-02T09:26:13+00:00","breadcrumb":{"@id":"https:\/\/vita-gv.fr\/index.php\/2018\/03\/05\/randonnee-en-foret-de-lisle-adam-du-15-octobre-2017\/#breadcrumb"},"inLanguage":"fr-FR","potentialAction":[{"@type":"ReadAction","target":["https:\/\/vita-gv.fr\/index.php\/2018\/03\/05\/randonnee-en-foret-de-lisle-adam-du-15-octobre-2017\/"]}]},{"@type":"ImageObject","inLanguage":"fr-FR","@id":"https:\/\/vita-gv.fr\/index.php\/2018\/03\/05\/randonnee-en-foret-de-lisle-adam-du-15-octobre-2017\/#primaryimage","url":"https:\/\/vita-gv.fr\/wp-content\/uploads\/2018\/05\/P1170632-1.jpg","contentUrl":"https:\/\/vita-gv.fr\/wp-content\/uploads\/2018\/05\/P1170632-1.jpg","width":4320,"height":3240,"caption":"L'Isle Adam : Le ch\u00e2teau Conti situ\u00e9 sur l'\u00eele du Prieur\u00e9"},{"@type":"BreadcrumbList","@id":"https:\/\/vita-gv.fr\/index.php\/2018\/03\/05\/randonnee-en-foret-de-lisle-adam-du-15-octobre-2017\/#breadcrumb","itemListElement":[{"@type":"ListItem","position":1,"name":"Accueil","item":"https:\/\/vita-gv.fr\/"},{"@type":"ListItem","position":2,"name":"Randonn\u00e9e en for\u00eat de l&rsquo;Isle Adam du 15 octobre 2017"}]},{"@type":"WebSite","@id":"https:\/\/vita-gv.fr\/#website","url":"https:\/\/vita-gv.fr\/","name":"VITA-GV","description":"Gymnastique volontaire de Vincennes","publisher":{"@id":"https:\/\/vita-gv.fr\/#organization"},"potentialAction":[{"@type":"SearchAction","target":{"@type":"EntryPoint","urlTemplate":"https:\/\/vita-gv.fr\/?s={search_term_string}"},"query-input":{"@type":"PropertyValueSpecification","valueRequired":true,"valueName":"search_term_string"}}],"inLanguage":"fr-FR"},{"@type":"Organization","@id":"https:\/\/vita-gv.fr\/#organization","name":"VITA-GV","url":"https:\/\/vita-gv.fr\/","logo":{"@type":"ImageObject","inLanguage":"fr-FR","@id":"https:\/\/vita-gv.fr\/#\/schema\/logo\/image\/","url":"https:\/\/vita-gv.fr\/wp-content\/uploads\/2018\/04\/logo-QCLSS-17-21-A094002-COULEUR.jpeg","contentUrl":"https:\/\/vita-gv.fr\/wp-content\/uploads\/2018\/04\/logo-QCLSS-17-21-A094002-COULEUR.jpeg","width":476,"height":693,"caption":"VITA-GV"},"image":{"@id":"https:\/\/vita-gv.fr\/#\/schema\/logo\/image\/"}},{"@type":"Person","@id":"https:\/\/vita-gv.fr\/#\/schema\/person\/ec99f45ad7b80175458c6dc821c0eb6c","name":"admin5947","image":{"@type":"ImageObject","inLanguage":"fr-FR","@id":"https:\/\/vita-gv.fr\/#\/schema\/person\/image\/","url":"https:\/\/secure.gravatar.com\/avatar\/d7c35d0140468ac4063a5ac8fe7abd4764a6cd72fe33a534b055a084329bdcac?s=96&d=mm&r=g","contentUrl":"https:\/\/secure.gravatar.com\/avatar\/d7c35d0140468ac4063a5ac8fe7abd4764a6cd72fe33a534b055a084329bdcac?s=96&d=mm&r=g","caption":"admin5947"},"url":"https:\/\/vita-gv.fr\/index.php\/author\/admin5947\/"}]}},"_links":{"self":[{"href":"https:\/\/vita-gv.fr\/index.php\/wp-json\/wp\/v2\/posts\/2991","targetHints":{"allow":["GET"]}}],"collection":[{"href":"https:\/\/vita-gv.fr\/index.php\/wp-json\/wp\/v2\/posts"}],"about":[{"href":"https:\/\/vita-gv.fr\/index.php\/wp-json\/wp\/v2\/types\/post"}],"author":[{"embeddable":true,"href":"https:\/\/vita-gv.fr\/index.php\/wp-json\/wp\/v2\/users\/1"}],"replies":[{"embeddable":true,"href":"https:\/\/vita-gv.fr\/index.php\/wp-json\/wp\/v2\/comments?post=2991"}],"version-history":[{"count":4,"href":"https:\/\/vita-gv.fr\/index.php\/wp-json\/wp\/v2\/posts\/2991\/revisions"}],"predecessor-version":[{"id":3225,"href":"https:\/\/vita-gv.fr\/index.php\/wp-json\/wp\/v2\/posts\/2991\/revisions\/3225"}],"wp:featuredmedia":[{"embeddable":true,"href":"https:\/\/vita-gv.fr\/index.php\/wp-json\/wp\/v2\/media\/3513"}],"wp:attachment":[{"href":"https:\/\/vita-gv.fr\/index.php\/wp-json\/wp\/v2\/media?parent=2991"}],"wp:term":[{"taxonomy":"category","embeddable":true,"href":"https:\/\/vita-gv.fr\/index.php\/wp-json\/wp\/v2\/categories?post=2991"},{"taxonomy":"post_tag","embeddable":true,"href":"https:\/\/vita-gv.fr\/index.php\/wp-json\/wp\/v2\/tags?post=2991"}],"curies":[{"name":"wp","href":"https:\/\/api.w.org\/{rel}","templated":true}]}}