{"id":2548,"date":"2016-09-13T14:59:05","date_gmt":"2016-09-13T12:59:05","guid":{"rendered":"http:\/\/vita-gv.fr\/?p=2548"},"modified":"2025-05-02T11:26:14","modified_gmt":"2025-05-02T09:26:14","slug":"ouverture-dun-nouveau-cours-de-pilates","status":"publish","type":"post","link":"https:\/\/vita-gv.fr\/index.php\/2016\/09\/13\/ouverture-dun-nouveau-cours-de-pilates\/","title":{"rendered":"OUVERTURE D&rsquo;UN NOUVEAU COURS DE PIL\u00c2TES"},"content":{"rendered":"<div class=\"fusion-fullwidth fullwidth-box fusion-builder-row-1 fusion-flex-container nonhundred-percent-fullwidth non-hundred-percent-height-scrolling\" style=\"--awb-border-radius-top-left:0px;--awb-border-radius-top-right:0px;--awb-border-radius-bottom-right:0px;--awb-border-radius-bottom-left:0px;--awb-flex-wrap:wrap;\" ><div class=\"fusion-builder-row fusion-row fusion-flex-align-items-flex-start fusion-flex-content-wrap\" style=\"max-width:calc( 1100px + 0px );margin-left: calc(-0px \/ 2 );margin-right: calc(-0px \/ 2 );\"><div class=\"fusion-layout-column fusion_builder_column fusion-builder-column-0 fusion_builder_column_1_1 1_1 fusion-flex-column\" style=\"--awb-bg-size:cover;--awb-width-large:100%;--awb-margin-top-large:0px;--awb-spacing-right-large:0px;--awb-margin-bottom-large:0px;--awb-spacing-left-large:0px;--awb-width-medium:100%;--awb-spacing-right-medium:0px;--awb-spacing-left-medium:0px;--awb-width-small:100%;--awb-spacing-right-small:0px;--awb-spacing-left-small:0px;\"><div class=\"fusion-column-wrapper fusion-flex-justify-content-flex-start fusion-content-layout-column\"><div class=\"fusion-text fusion-text-1\"><h2 style=\"text-align: center;\"><strong>SUITE A UNE FORTE DEMANDE, Vita-GV OUVRE UN 3e COURS DE PIL\u00c2TES<\/strong><\/h2>\n<h3 style=\"text-align: center;\"><strong>Votre animatrice Nadia vous accueillera<\/strong><\/h3>\n<h3 style=\"text-align: center;\"><strong><span style=\"color: #ff6600;\">A partir du mardi 27 septembre 2016<\/span> <\/strong><\/h3>\n<h3 style=\"text-align: center;\"><span style=\"color: #ff6600;\"><strong>Au gymnase de l\u2019\u00c9cole de l&rsquo;Ouest<\/strong><\/span><\/h3>\n<h3 style=\"text-align: center;\"><span style=\"color: #ff6600;\"><strong>De 18 h 15 \u00e0 19 h 15<\/strong><\/span><\/h3>\n<h3 style=\"text-align: center;\"><strong><span style=\"color: #333399;\">Merci de noter que le cours de Zumba est dor\u00e9navant ferm\u00e9<\/span>.<\/strong><\/h3>\n<\/div><\/div><\/div><\/div><\/div>\n","protected":false},"excerpt":{"rendered":"","protected":false},"author":1,"featured_media":3241,"comment_status":"closed","ping_status":"closed","sticky":false,"template":"","format":"standard","meta":{"footnotes":""},"categories":[5],"tags":[],"class_list":["post-2548","post","type-post","status-publish","format-standard","has-post-thumbnail","hentry","category-vie-associative"],"yoast_head":"<!-- This site is optimized with the Yoast SEO plugin v26.9 - https:\/\/yoast.com\/product\/yoast-seo-wordpress\/ -->\n<title>OUVERTURE D&#039;UN NOUVEAU COURS DE PIL\u00c2TES - VITA-GV<\/title>\n<meta name=\"robots\" content=\"index, follow, max-snippet:-1, max-image-preview:large, max-video-preview:-1\" \/>\n<link rel=\"canonical\" href=\"https:\/\/vita-gv.fr\/index.php\/2016\/09\/13\/ouverture-dun-nouveau-cours-de-pilates\/\" \/>\n<meta property=\"og:locale\" content=\"fr_FR\" \/>\n<meta property=\"og:type\" content=\"article\" \/>\n<meta property=\"og:title\" content=\"OUVERTURE D&#039;UN NOUVEAU COURS DE PIL\u00c2TES - VITA-GV\" \/>\n<meta property=\"og:url\" content=\"https:\/\/vita-gv.fr\/index.php\/2016\/09\/13\/ouverture-dun-nouveau-cours-de-pilates\/\" \/>\n<meta property=\"og:site_name\" content=\"VITA-GV\" \/>\n<meta property=\"article:published_time\" content=\"2016-09-13T12:59:05+00:00\" \/>\n<meta property=\"article:modified_time\" content=\"2025-05-02T09:26:14+00:00\" \/>\n<meta property=\"og:image\" content=\"https:\/\/vita-gv.fr\/wp-content\/uploads\/2018\/03\/DSC04943.jpg\" \/>\n\t<meta property=\"og:image:width\" content=\"434\" \/>\n\t<meta property=\"og:image:height\" content=\"639\" \/>\n\t<meta property=\"og:image:type\" content=\"image\/jpeg\" \/>\n<meta name=\"author\" content=\"admin5947\" \/>\n<meta name=\"twitter:card\" content=\"summary_large_image\" \/>\n<meta name=\"twitter:label1\" content=\"\u00c9crit par\" \/>\n\t<meta name=\"twitter:data1\" content=\"admin5947\" \/>\n\t<meta name=\"twitter:label2\" content=\"Dur\u00e9e de lecture estim\u00e9e\" \/>\n\t<meta name=\"twitter:data2\" content=\"1 minute\" \/>\n<script type=\"application\/ld+json\" class=\"yoast-schema-graph\">{\"@context\":\"https:\/\/schema.org\",\"@graph\":[{\"@type\":\"Article\",\"@id\":\"https:\/\/vita-gv.fr\/index.php\/2016\/09\/13\/ouverture-dun-nouveau-cours-de-pilates\/#article\",\"isPartOf\":{\"@id\":\"https:\/\/vita-gv.fr\/index.php\/2016\/09\/13\/ouverture-dun-nouveau-cours-de-pilates\/\"},\"author\":{\"name\":\"admin5947\",\"@id\":\"https:\/\/vita-gv.fr\/#\/schema\/person\/ec99f45ad7b80175458c6dc821c0eb6c\"},\"headline\":\"OUVERTURE D&rsquo;UN NOUVEAU COURS DE PIL\u00c2TES\",\"datePublished\":\"2016-09-13T12:59:05+00:00\",\"dateModified\":\"2025-05-02T09:26:14+00:00\",\"mainEntityOfPage\":{\"@id\":\"https:\/\/vita-gv.fr\/index.php\/2016\/09\/13\/ouverture-dun-nouveau-cours-de-pilates\/\"},\"wordCount\":211,\"publisher\":{\"@id\":\"https:\/\/vita-gv.fr\/#organization\"},\"image\":{\"@id\":\"https:\/\/vita-gv.fr\/index.php\/2016\/09\/13\/ouverture-dun-nouveau-cours-de-pilates\/#primaryimage\"},\"thumbnailUrl\":\"https:\/\/vita-gv.fr\/wp-content\/uploads\/2018\/03\/DSC04943.jpg\",\"articleSection\":[\"VIE ASSOCIATIVE\"],\"inLanguage\":\"fr-FR\"},{\"@type\":\"WebPage\",\"@id\":\"https:\/\/vita-gv.fr\/index.php\/2016\/09\/13\/ouverture-dun-nouveau-cours-de-pilates\/\",\"url\":\"https:\/\/vita-gv.fr\/index.php\/2016\/09\/13\/ouverture-dun-nouveau-cours-de-pilates\/\",\"name\":\"OUVERTURE D'UN NOUVEAU COURS DE PIL\u00c2TES - VITA-GV\",\"isPartOf\":{\"@id\":\"https:\/\/vita-gv.fr\/#website\"},\"primaryImageOfPage\":{\"@id\":\"https:\/\/vita-gv.fr\/index.php\/2016\/09\/13\/ouverture-dun-nouveau-cours-de-pilates\/#primaryimage\"},\"image\":{\"@id\":\"https:\/\/vita-gv.fr\/index.php\/2016\/09\/13\/ouverture-dun-nouveau-cours-de-pilates\/#primaryimage\"},\"thumbnailUrl\":\"https:\/\/vita-gv.fr\/wp-content\/uploads\/2018\/03\/DSC04943.jpg\",\"datePublished\":\"2016-09-13T12:59:05+00:00\",\"dateModified\":\"2025-05-02T09:26:14+00:00\",\"breadcrumb\":{\"@id\":\"https:\/\/vita-gv.fr\/index.php\/2016\/09\/13\/ouverture-dun-nouveau-cours-de-pilates\/#breadcrumb\"},\"inLanguage\":\"fr-FR\",\"potentialAction\":[{\"@type\":\"ReadAction\",\"target\":[\"https:\/\/vita-gv.fr\/index.php\/2016\/09\/13\/ouverture-dun-nouveau-cours-de-pilates\/\"]}]},{\"@type\":\"ImageObject\",\"inLanguage\":\"fr-FR\",\"@id\":\"https:\/\/vita-gv.fr\/index.php\/2016\/09\/13\/ouverture-dun-nouveau-cours-de-pilates\/#primaryimage\",\"url\":\"https:\/\/vita-gv.fr\/wp-content\/uploads\/2018\/03\/DSC04943.jpg\",\"contentUrl\":\"https:\/\/vita-gv.fr\/wp-content\/uploads\/2018\/03\/DSC04943.jpg\",\"width\":434,\"height\":639},{\"@type\":\"BreadcrumbList\",\"@id\":\"https:\/\/vita-gv.fr\/index.php\/2016\/09\/13\/ouverture-dun-nouveau-cours-de-pilates\/#breadcrumb\",\"itemListElement\":[{\"@type\":\"ListItem\",\"position\":1,\"name\":\"Accueil\",\"item\":\"https:\/\/vita-gv.fr\/\"},{\"@type\":\"ListItem\",\"position\":2,\"name\":\"OUVERTURE D&rsquo;UN NOUVEAU COURS DE PIL\u00c2TES\"}]},{\"@type\":\"WebSite\",\"@id\":\"https:\/\/vita-gv.fr\/#website\",\"url\":\"https:\/\/vita-gv.fr\/\",\"name\":\"VITA-GV\",\"description\":\"Gymnastique volontaire de Vincennes\",\"publisher\":{\"@id\":\"https:\/\/vita-gv.fr\/#organization\"},\"potentialAction\":[{\"@type\":\"SearchAction\",\"target\":{\"@type\":\"EntryPoint\",\"urlTemplate\":\"https:\/\/vita-gv.fr\/?s={search_term_string}\"},\"query-input\":{\"@type\":\"PropertyValueSpecification\",\"valueRequired\":true,\"valueName\":\"search_term_string\"}}],\"inLanguage\":\"fr-FR\"},{\"@type\":\"Organization\",\"@id\":\"https:\/\/vita-gv.fr\/#organization\",\"name\":\"VITA-GV\",\"url\":\"https:\/\/vita-gv.fr\/\",\"logo\":{\"@type\":\"ImageObject\",\"inLanguage\":\"fr-FR\",\"@id\":\"https:\/\/vita-gv.fr\/#\/schema\/logo\/image\/\",\"url\":\"https:\/\/vita-gv.fr\/wp-content\/uploads\/2018\/04\/logo-QCLSS-17-21-A094002-COULEUR.jpeg\",\"contentUrl\":\"https:\/\/vita-gv.fr\/wp-content\/uploads\/2018\/04\/logo-QCLSS-17-21-A094002-COULEUR.jpeg\",\"width\":476,\"height\":693,\"caption\":\"VITA-GV\"},\"image\":{\"@id\":\"https:\/\/vita-gv.fr\/#\/schema\/logo\/image\/\"}},{\"@type\":\"Person\",\"@id\":\"https:\/\/vita-gv.fr\/#\/schema\/person\/ec99f45ad7b80175458c6dc821c0eb6c\",\"name\":\"admin5947\",\"image\":{\"@type\":\"ImageObject\",\"inLanguage\":\"fr-FR\",\"@id\":\"https:\/\/vita-gv.fr\/#\/schema\/person\/image\/\",\"url\":\"https:\/\/secure.gravatar.com\/avatar\/d7c35d0140468ac4063a5ac8fe7abd4764a6cd72fe33a534b055a084329bdcac?s=96&d=mm&r=g\",\"contentUrl\":\"https:\/\/secure.gravatar.com\/avatar\/d7c35d0140468ac4063a5ac8fe7abd4764a6cd72fe33a534b055a084329bdcac?s=96&d=mm&r=g\",\"caption\":\"admin5947\"},\"url\":\"https:\/\/vita-gv.fr\/index.php\/author\/admin5947\/\"}]}<\/script>\n<!-- \/ Yoast SEO plugin. -->","yoast_head_json":{"title":"OUVERTURE D'UN NOUVEAU COURS DE PIL\u00c2TES - VITA-GV","robots":{"index":"index","follow":"follow","max-snippet":"max-snippet:-1","max-image-preview":"max-image-preview:large","max-video-preview":"max-video-preview:-1"},"canonical":"https:\/\/vita-gv.fr\/index.php\/2016\/09\/13\/ouverture-dun-nouveau-cours-de-pilates\/","og_locale":"fr_FR","og_type":"article","og_title":"OUVERTURE D'UN NOUVEAU COURS DE PIL\u00c2TES - VITA-GV","og_url":"https:\/\/vita-gv.fr\/index.php\/2016\/09\/13\/ouverture-dun-nouveau-cours-de-pilates\/","og_site_name":"VITA-GV","article_published_time":"2016-09-13T12:59:05+00:00","article_modified_time":"2025-05-02T09:26:14+00:00","og_image":[{"width":434,"height":639,"url":"https:\/\/vita-gv.fr\/wp-content\/uploads\/2018\/03\/DSC04943.jpg","type":"image\/jpeg"}],"author":"admin5947","twitter_card":"summary_large_image","twitter_misc":{"\u00c9crit par":"admin5947","Dur\u00e9e de lecture estim\u00e9e":"1 minute"},"schema":{"@context":"https:\/\/schema.org","@graph":[{"@type":"Article","@id":"https:\/\/vita-gv.fr\/index.php\/2016\/09\/13\/ouverture-dun-nouveau-cours-de-pilates\/#article","isPartOf":{"@id":"https:\/\/vita-gv.fr\/index.php\/2016\/09\/13\/ouverture-dun-nouveau-cours-de-pilates\/"},"author":{"name":"admin5947","@id":"https:\/\/vita-gv.fr\/#\/schema\/person\/ec99f45ad7b80175458c6dc821c0eb6c"},"headline":"OUVERTURE D&rsquo;UN NOUVEAU COURS DE PIL\u00c2TES","datePublished":"2016-09-13T12:59:05+00:00","dateModified":"2025-05-02T09:26:14+00:00","mainEntityOfPage":{"@id":"https:\/\/vita-gv.fr\/index.php\/2016\/09\/13\/ouverture-dun-nouveau-cours-de-pilates\/"},"wordCount":211,"publisher":{"@id":"https:\/\/vita-gv.fr\/#organization"},"image":{"@id":"https:\/\/vita-gv.fr\/index.php\/2016\/09\/13\/ouverture-dun-nouveau-cours-de-pilates\/#primaryimage"},"thumbnailUrl":"https:\/\/vita-gv.fr\/wp-content\/uploads\/2018\/03\/DSC04943.jpg","articleSection":["VIE ASSOCIATIVE"],"inLanguage":"fr-FR"},{"@type":"WebPage","@id":"https:\/\/vita-gv.fr\/index.php\/2016\/09\/13\/ouverture-dun-nouveau-cours-de-pilates\/","url":"https:\/\/vita-gv.fr\/index.php\/2016\/09\/13\/ouverture-dun-nouveau-cours-de-pilates\/","name":"OUVERTURE D'UN NOUVEAU COURS DE PIL\u00c2TES - VITA-GV","isPartOf":{"@id":"https:\/\/vita-gv.fr\/#website"},"primaryImageOfPage":{"@id":"https:\/\/vita-gv.fr\/index.php\/2016\/09\/13\/ouverture-dun-nouveau-cours-de-pilates\/#primaryimage"},"image":{"@id":"https:\/\/vita-gv.fr\/index.php\/2016\/09\/13\/ouverture-dun-nouveau-cours-de-pilates\/#primaryimage"},"thumbnailUrl":"https:\/\/vita-gv.fr\/wp-content\/uploads\/2018\/03\/DSC04943.jpg","datePublished":"2016-09-13T12:59:05+00:00","dateModified":"2025-05-02T09:26:14+00:00","breadcrumb":{"@id":"https:\/\/vita-gv.fr\/index.php\/2016\/09\/13\/ouverture-dun-nouveau-cours-de-pilates\/#breadcrumb"},"inLanguage":"fr-FR","potentialAction":[{"@type":"ReadAction","target":["https:\/\/vita-gv.fr\/index.php\/2016\/09\/13\/ouverture-dun-nouveau-cours-de-pilates\/"]}]},{"@type":"ImageObject","inLanguage":"fr-FR","@id":"https:\/\/vita-gv.fr\/index.php\/2016\/09\/13\/ouverture-dun-nouveau-cours-de-pilates\/#primaryimage","url":"https:\/\/vita-gv.fr\/wp-content\/uploads\/2018\/03\/DSC04943.jpg","contentUrl":"https:\/\/vita-gv.fr\/wp-content\/uploads\/2018\/03\/DSC04943.jpg","width":434,"height":639},{"@type":"BreadcrumbList","@id":"https:\/\/vita-gv.fr\/index.php\/2016\/09\/13\/ouverture-dun-nouveau-cours-de-pilates\/#breadcrumb","itemListElement":[{"@type":"ListItem","position":1,"name":"Accueil","item":"https:\/\/vita-gv.fr\/"},{"@type":"ListItem","position":2,"name":"OUVERTURE D&rsquo;UN NOUVEAU COURS DE PIL\u00c2TES"}]},{"@type":"WebSite","@id":"https:\/\/vita-gv.fr\/#website","url":"https:\/\/vita-gv.fr\/","name":"VITA-GV","description":"Gymnastique volontaire de Vincennes","publisher":{"@id":"https:\/\/vita-gv.fr\/#organization"},"potentialAction":[{"@type":"SearchAction","target":{"@type":"EntryPoint","urlTemplate":"https:\/\/vita-gv.fr\/?s={search_term_string}"},"query-input":{"@type":"PropertyValueSpecification","valueRequired":true,"valueName":"search_term_string"}}],"inLanguage":"fr-FR"},{"@type":"Organization","@id":"https:\/\/vita-gv.fr\/#organization","name":"VITA-GV","url":"https:\/\/vita-gv.fr\/","logo":{"@type":"ImageObject","inLanguage":"fr-FR","@id":"https:\/\/vita-gv.fr\/#\/schema\/logo\/image\/","url":"https:\/\/vita-gv.fr\/wp-content\/uploads\/2018\/04\/logo-QCLSS-17-21-A094002-COULEUR.jpeg","contentUrl":"https:\/\/vita-gv.fr\/wp-content\/uploads\/2018\/04\/logo-QCLSS-17-21-A094002-COULEUR.jpeg","width":476,"height":693,"caption":"VITA-GV"},"image":{"@id":"https:\/\/vita-gv.fr\/#\/schema\/logo\/image\/"}},{"@type":"Person","@id":"https:\/\/vita-gv.fr\/#\/schema\/person\/ec99f45ad7b80175458c6dc821c0eb6c","name":"admin5947","image":{"@type":"ImageObject","inLanguage":"fr-FR","@id":"https:\/\/vita-gv.fr\/#\/schema\/person\/image\/","url":"https:\/\/secure.gravatar.com\/avatar\/d7c35d0140468ac4063a5ac8fe7abd4764a6cd72fe33a534b055a084329bdcac?s=96&d=mm&r=g","contentUrl":"https:\/\/secure.gravatar.com\/avatar\/d7c35d0140468ac4063a5ac8fe7abd4764a6cd72fe33a534b055a084329bdcac?s=96&d=mm&r=g","caption":"admin5947"},"url":"https:\/\/vita-gv.fr\/index.php\/author\/admin5947\/"}]}},"_links":{"self":[{"href":"https:\/\/vita-gv.fr\/index.php\/wp-json\/wp\/v2\/posts\/2548","targetHints":{"allow":["GET"]}}],"collection":[{"href":"https:\/\/vita-gv.fr\/index.php\/wp-json\/wp\/v2\/posts"}],"about":[{"href":"https:\/\/vita-gv.fr\/index.php\/wp-json\/wp\/v2\/types\/post"}],"author":[{"embeddable":true,"href":"https:\/\/vita-gv.fr\/index.php\/wp-json\/wp\/v2\/users\/1"}],"replies":[{"embeddable":true,"href":"https:\/\/vita-gv.fr\/index.php\/wp-json\/wp\/v2\/comments?post=2548"}],"version-history":[{"count":2,"href":"https:\/\/vita-gv.fr\/index.php\/wp-json\/wp\/v2\/posts\/2548\/revisions"}],"predecessor-version":[{"id":3307,"href":"https:\/\/vita-gv.fr\/index.php\/wp-json\/wp\/v2\/posts\/2548\/revisions\/3307"}],"wp:featuredmedia":[{"embeddable":true,"href":"https:\/\/vita-gv.fr\/index.php\/wp-json\/wp\/v2\/media\/3241"}],"wp:attachment":[{"href":"https:\/\/vita-gv.fr\/index.php\/wp-json\/wp\/v2\/media?parent=2548"}],"wp:term":[{"taxonomy":"category","embeddable":true,"href":"https:\/\/vita-gv.fr\/index.php\/wp-json\/wp\/v2\/categories?post=2548"},{"taxonomy":"post_tag","embeddable":true,"href":"https:\/\/vita-gv.fr\/index.php\/wp-json\/wp\/v2\/tags?post=2548"}],"curies":[{"name":"wp","href":"https:\/\/api.w.org\/{rel}","templated":true}]}}