{"id":2221,"date":"2016-06-27T13:41:22","date_gmt":"2016-06-27T11:41:22","guid":{"rendered":"http:\/\/vita-gv.fr\/?p=2221"},"modified":"2018-04-04T22:36:05","modified_gmt":"2018-04-04T20:36:05","slug":"randonnee-du-12-juin-2016-foret-de-saint-germain-en-laye","status":"publish","type":"post","link":"https:\/\/vita-gv.fr\/index.php\/2016\/06\/27\/randonnee-du-12-juin-2016-foret-de-saint-germain-en-laye\/","title":{"rendered":"RANDONN\u00c9E DU 12 JUIN 2016 &#8211; For\u00eat de Saint-Germain-en-Laye"},"content":{"rendered":"<div class=\"fusion-fullwidth fullwidth-box fusion-builder-row-1 fusion-flex-container nonhundred-percent-fullwidth non-hundred-percent-height-scrolling\" style=\"--awb-border-radius-top-left:0px;--awb-border-radius-top-right:0px;--awb-border-radius-bottom-right:0px;--awb-border-radius-bottom-left:0px;--awb-flex-wrap:wrap;\" ><div class=\"fusion-builder-row fusion-row fusion-flex-align-items-flex-start fusion-flex-content-wrap\" style=\"max-width:calc( 1100px + 0px );margin-left: calc(-0px \/ 2 );margin-right: calc(-0px \/ 2 );\"><div class=\"fusion-layout-column fusion_builder_column fusion-builder-column-0 fusion_builder_column_1_1 1_1 fusion-flex-column\" style=\"--awb-bg-size:cover;--awb-width-large:100%;--awb-margin-top-large:0px;--awb-spacing-right-large:0px;--awb-margin-bottom-large:0px;--awb-spacing-left-large:0px;--awb-width-medium:100%;--awb-spacing-right-medium:0px;--awb-spacing-left-medium:0px;--awb-width-small:100%;--awb-spacing-right-small:0px;--awb-spacing-left-small:0px;\"><div class=\"fusion-column-wrapper fusion-flex-justify-content-flex-start fusion-content-layout-column\"><div class=\"fusion-text fusion-text-1\"><p style=\"text-align: center;\"><span style=\"color: #000080;\"><strong>CETTE RANDONN\u00c9E DE 12 km DANS LA FORET DE SAINT-GERMAIN-EN-LAYE <\/strong><\/span><\/p>\n<p style=\"text-align: center;\"><span style=\"color: #000080;\"><strong>A \u00c9T\u00c9 L&rsquo;OCCASION DE D\u00c9COUVRIR LA VILLE DE POISSY, <\/strong><\/span><span style=\"color: #000080;\"><strong>QUI FUT UNE CITE MONASTIQUE, AGRICOLE ET COMMER\u00c7ANTE&#8230;<\/strong><\/span><\/p>\n<\/div><div class=\"fusion-separator fusion-full-width-sep\" style=\"align-self: center;margin-left: auto;margin-right: auto;margin-top:30px;width:100%;\"><div class=\"fusion-separator-border sep-double\" style=\"--awb-height:20px;--awb-amount:20px;border-color:#e0dede;border-top-width:0px;border-bottom-width:0px;\"><\/div><\/div><div class=\"awb-gallery-wrapper awb-gallery-wrapper-1 button-span-no\"><div style=\"margin:-5px;--awb-bordersize:0px;\" class=\"fusion-gallery fusion-gallery-container fusion-grid-4 fusion-columns-total-12 fusion-gallery-layout-grid fusion-gallery-1\"><div style=\"padding:5px;\" class=\"fusion-grid-column fusion-gallery-column fusion-gallery-column-4 hover-type-none\"><div class=\"fusion-gallery-image\"><a href=\"https:\/\/vita-gv.fr\/wp-content\/uploads\/2016\/06\/DSCN8490-1024x768.jpg\" data-title=\"DSCN8490-1024&#215;768\" title=\"DSCN8490-1024&#215;768\" rel=\"noreferrer\" data-rel=\"iLightbox[gallery_image_1]\" class=\"fusion-lightbox\"><img decoding=\"async\" src=\"https:\/\/vita-gv.fr\/wp-content\/uploads\/2016\/06\/DSCN8490-1024x768-320x202.jpg\" width=\"320\" height=\"202\" alt=\"\" title=\"DSCN8490-1024&#215;768\" aria-label=\"DSCN8490-1024&#215;768\" class=\"img-responsive wp-image-3284 fusion-gallery-image-size-fixed\" srcset=\"https:\/\/vita-gv.fr\/wp-content\/uploads\/2016\/06\/DSCN8490-1024x768-320x202.jpg 320w, https:\/\/vita-gv.fr\/wp-content\/uploads\/2016\/06\/DSCN8490-1024x768-700x441.jpg 700w\" sizes=\"(max-width: 320px) 100vw, 320px\" \/><\/a><\/div><\/div><div style=\"padding:5px;\" class=\"fusion-grid-column fusion-gallery-column fusion-gallery-column-4 hover-type-none\"><div class=\"fusion-gallery-image\"><a href=\"https:\/\/vita-gv.fr\/wp-content\/uploads\/2016\/06\/Statue-Saint-Louis-DSC04190-768x1024.jpg\" data-title=\"Poissy &#8211; Statue de Louis IX\" title=\"Poissy &#8211; Statue de Louis IX\" data-caption=\"Poissy - Statue de Louis IX\" rel=\"noreferrer\" data-rel=\"iLightbox[gallery_image_1]\" class=\"fusion-lightbox\"><img decoding=\"async\" src=\"https:\/\/vita-gv.fr\/wp-content\/uploads\/2016\/06\/Statue-Saint-Louis-DSC04190-768x1024-320x202.jpg\" width=\"320\" height=\"202\" alt=\"\" title=\"Poissy &#8211; Statue de Louis IX\" aria-label=\"Poissy &#8211; Statue de Louis IX\" class=\"img-responsive wp-image-3283 fusion-gallery-image-size-fixed\" srcset=\"https:\/\/vita-gv.fr\/wp-content\/uploads\/2016\/06\/Statue-Saint-Louis-DSC04190-768x1024-320x202.jpg 320w, https:\/\/vita-gv.fr\/wp-content\/uploads\/2016\/06\/Statue-Saint-Louis-DSC04190-768x1024-700x441.jpg 700w\" sizes=\"(max-width: 320px) 100vw, 320px\" \/><\/a><\/div><\/div><div style=\"padding:5px;\" class=\"fusion-grid-column fusion-gallery-column fusion-gallery-column-4 hover-type-none\"><div class=\"fusion-gallery-image\"><a href=\"https:\/\/vita-gv.fr\/wp-content\/uploads\/2016\/06\/DSC04194-1024x768.jpg\" data-title=\"DSC04194-1024&#215;768\" title=\"DSC04194-1024&#215;768\" data-caption=\"Poissy - La coll\u00e9giale Notre-Dame : Tympan de gauche figure la repr\u00e9sentation symbolique de l&#039;Annonciation : des rayons droits et courbes descendant du ciel accompagn\u00e9s d&#039;une colombe et d&#039;un vase avec 3 fleurs de lys rappelant la virginit\u00e9 de Marie\" rel=\"noreferrer\" data-rel=\"iLightbox[gallery_image_1]\" class=\"fusion-lightbox\"><img decoding=\"async\" src=\"https:\/\/vita-gv.fr\/wp-content\/uploads\/2016\/06\/DSC04194-1024x768-320x202.jpg\" width=\"320\" height=\"202\" alt=\"\" title=\"DSC04194-1024&#215;768\" aria-label=\"DSC04194-1024&#215;768\" class=\"img-responsive wp-image-3282 fusion-gallery-image-size-fixed\" srcset=\"https:\/\/vita-gv.fr\/wp-content\/uploads\/2016\/06\/DSC04194-1024x768-320x202.jpg 320w, https:\/\/vita-gv.fr\/wp-content\/uploads\/2016\/06\/DSC04194-1024x768-700x441.jpg 700w\" sizes=\"(max-width: 320px) 100vw, 320px\" \/><\/a><\/div><\/div><div style=\"padding:5px;\" class=\"fusion-grid-column fusion-gallery-column fusion-gallery-column-4 hover-type-none\"><div class=\"fusion-gallery-image\"><a href=\"https:\/\/vita-gv.fr\/wp-content\/uploads\/2016\/06\/DSC04192-1024x768.jpg\" data-title=\"Poissy &#8211; La coll\u00e9giale Notre-Dame : Les gargouilles\" title=\"Poissy &#8211; La coll\u00e9giale Notre-Dame : Les gargouilles\" data-caption=\"Poissy - La coll\u00e9giale Notre-Dame : Les gargouilles\" rel=\"noreferrer\" data-rel=\"iLightbox[gallery_image_1]\" class=\"fusion-lightbox\"><img decoding=\"async\" src=\"https:\/\/vita-gv.fr\/wp-content\/uploads\/2016\/06\/DSC04192-1024x768-320x202.jpg\" width=\"320\" height=\"202\" alt=\"\" title=\"Poissy &#8211; La coll\u00e9giale Notre-Dame : Les gargouilles\" aria-label=\"Poissy &#8211; La coll\u00e9giale Notre-Dame : Les gargouilles\" class=\"img-responsive wp-image-3281 fusion-gallery-image-size-fixed\" srcset=\"https:\/\/vita-gv.fr\/wp-content\/uploads\/2016\/06\/DSC04192-1024x768-320x202.jpg 320w, https:\/\/vita-gv.fr\/wp-content\/uploads\/2016\/06\/DSC04192-1024x768-700x441.jpg 700w\" sizes=\"(max-width: 320px) 100vw, 320px\" \/><\/a><\/div><\/div><div class=\"clearfix\"><\/div><div style=\"padding:5px;\" class=\"fusion-grid-column fusion-gallery-column fusion-gallery-column-4 hover-type-none\"><div class=\"fusion-gallery-image\"><a href=\"https:\/\/vita-gv.fr\/wp-content\/uploads\/2016\/06\/DSC04203-768x1024.jpg\" data-title=\"DSC04203-768&#215;1024\" title=\"DSC04203-768&#215;1024\" data-caption=\"Poissy - La coll\u00e9giale Notre-Dame : Les pierres des fonds baptismaux de Saint-Louis\" rel=\"noreferrer\" data-rel=\"iLightbox[gallery_image_1]\" class=\"fusion-lightbox\"><img decoding=\"async\" src=\"https:\/\/vita-gv.fr\/wp-content\/uploads\/2016\/06\/DSC04203-768x1024-320x202.jpg\" width=\"320\" height=\"202\" alt=\"\" title=\"DSC04203-768&#215;1024\" aria-label=\"DSC04203-768&#215;1024\" class=\"img-responsive wp-image-3280 fusion-gallery-image-size-fixed\" srcset=\"https:\/\/vita-gv.fr\/wp-content\/uploads\/2016\/06\/DSC04203-768x1024-320x202.jpg 320w, https:\/\/vita-gv.fr\/wp-content\/uploads\/2016\/06\/DSC04203-768x1024-700x441.jpg 700w\" sizes=\"(max-width: 320px) 100vw, 320px\" \/><\/a><\/div><\/div><div style=\"padding:5px;\" class=\"fusion-grid-column fusion-gallery-column fusion-gallery-column-4 hover-type-none\"><div class=\"fusion-gallery-image\"><a href=\"https:\/\/vita-gv.fr\/wp-content\/uploads\/2016\/06\/DSC04204-1024x768.jpg\" data-title=\"Poissy &#8211; La coll\u00e9giale Notre-Dame\" title=\"Poissy &#8211; La coll\u00e9giale Notre-Dame\" data-caption=\"Poissy - La coll\u00e9giale Notre-Dame\" rel=\"noreferrer\" data-rel=\"iLightbox[gallery_image_1]\" class=\"fusion-lightbox\"><img decoding=\"async\" src=\"https:\/\/vita-gv.fr\/wp-content\/uploads\/2016\/06\/DSC04204-1024x768-320x202.jpg\" width=\"320\" height=\"202\" alt=\"\" title=\"Poissy &#8211; La coll\u00e9giale Notre-Dame\" aria-label=\"Poissy &#8211; La coll\u00e9giale Notre-Dame\" class=\"img-responsive wp-image-3279 fusion-gallery-image-size-fixed\" srcset=\"https:\/\/vita-gv.fr\/wp-content\/uploads\/2016\/06\/DSC04204-1024x768-320x202.jpg 320w, https:\/\/vita-gv.fr\/wp-content\/uploads\/2016\/06\/DSC04204-1024x768-700x441.jpg 700w\" sizes=\"(max-width: 320px) 100vw, 320px\" \/><\/a><\/div><\/div><div style=\"padding:5px;\" class=\"fusion-grid-column fusion-gallery-column fusion-gallery-column-4 hover-type-none\"><div class=\"fusion-gallery-image\"><a href=\"https:\/\/vita-gv.fr\/wp-content\/uploads\/2016\/06\/DSC04206-768x1024.jpg\" data-title=\"DSC04206-768&#215;1024\" title=\"DSC04206-768&#215;1024\" data-caption=\"Poissy - La coll\u00e9giale Notre-Dame : Statue de Saint-Louis adolescent du sculpteur F\u00e9lix Fevola (1939)\" rel=\"noreferrer\" data-rel=\"iLightbox[gallery_image_1]\" class=\"fusion-lightbox\"><img decoding=\"async\" src=\"https:\/\/vita-gv.fr\/wp-content\/uploads\/2016\/06\/DSC04206-768x1024-320x202.jpg\" width=\"320\" height=\"202\" alt=\"\" title=\"DSC04206-768&#215;1024\" aria-label=\"DSC04206-768&#215;1024\" class=\"img-responsive wp-image-3278 fusion-gallery-image-size-fixed\" srcset=\"https:\/\/vita-gv.fr\/wp-content\/uploads\/2016\/06\/DSC04206-768x1024-320x202.jpg 320w, https:\/\/vita-gv.fr\/wp-content\/uploads\/2016\/06\/DSC04206-768x1024-700x441.jpg 700w\" sizes=\"(max-width: 320px) 100vw, 320px\" \/><\/a><\/div><\/div><div style=\"padding:5px;\" class=\"fusion-grid-column fusion-gallery-column fusion-gallery-column-4 hover-type-none\"><div class=\"fusion-gallery-image\"><a href=\"https:\/\/vita-gv.fr\/wp-content\/uploads\/2016\/06\/RANDONNEE-12-JUIN-2016-018-1024x768.jpg\" data-title=\"RANDONNEE-12-JUIN-2016-018-1024&#215;768\" title=\"RANDONNEE-12-JUIN-2016-018-1024&#215;768\" rel=\"noreferrer\" data-rel=\"iLightbox[gallery_image_1]\" class=\"fusion-lightbox\"><img decoding=\"async\" src=\"https:\/\/vita-gv.fr\/wp-content\/uploads\/2016\/06\/RANDONNEE-12-JUIN-2016-018-1024x768-320x202.jpg\" width=\"320\" height=\"202\" alt=\"\" title=\"RANDONNEE-12-JUIN-2016-018-1024&#215;768\" aria-label=\"RANDONNEE-12-JUIN-2016-018-1024&#215;768\" class=\"img-responsive wp-image-3297 fusion-gallery-image-size-fixed\" srcset=\"https:\/\/vita-gv.fr\/wp-content\/uploads\/2016\/06\/RANDONNEE-12-JUIN-2016-018-1024x768-320x202.jpg 320w, https:\/\/vita-gv.fr\/wp-content\/uploads\/2016\/06\/RANDONNEE-12-JUIN-2016-018-1024x768-700x441.jpg 700w\" sizes=\"(max-width: 320px) 100vw, 320px\" \/><\/a><\/div><\/div><div class=\"clearfix\"><\/div><div style=\"padding:5px;\" class=\"fusion-grid-column fusion-gallery-column fusion-gallery-column-4 hover-type-none\"><div class=\"fusion-gallery-image\"><a href=\"https:\/\/vita-gv.fr\/wp-content\/uploads\/2016\/06\/DSC07248.jpg\" data-title=\"DSC07248\" title=\"DSC07248\" rel=\"noreferrer\" data-rel=\"iLightbox[gallery_image_1]\" class=\"fusion-lightbox\"><img decoding=\"async\" src=\"https:\/\/vita-gv.fr\/wp-content\/uploads\/2016\/06\/DSC07248-320x202.jpg\" width=\"320\" height=\"202\" alt=\"\" title=\"DSC07248\" aria-label=\"DSC07248\" class=\"img-responsive wp-image-3298 fusion-gallery-image-size-fixed\"  \/><\/a><\/div><\/div><div style=\"padding:5px;\" class=\"fusion-grid-column fusion-gallery-column fusion-gallery-column-4 hover-type-none\"><div class=\"fusion-gallery-image\"><a href=\"https:\/\/vita-gv.fr\/wp-content\/uploads\/2016\/06\/DSC07249.jpg\" data-title=\"DSC07249\" title=\"DSC07249\" rel=\"noreferrer\" data-rel=\"iLightbox[gallery_image_1]\" class=\"fusion-lightbox\"><img decoding=\"async\" src=\"https:\/\/vita-gv.fr\/wp-content\/uploads\/2016\/06\/DSC07249-320x202.jpg\" width=\"320\" height=\"202\" alt=\"\" title=\"DSC07249\" aria-label=\"DSC07249\" class=\"img-responsive wp-image-3299 fusion-gallery-image-size-fixed\"  \/><\/a><\/div><\/div><div style=\"padding:5px;\" class=\"fusion-grid-column fusion-gallery-column fusion-gallery-column-4 hover-type-none\"><div class=\"fusion-gallery-image\"><a href=\"https:\/\/vita-gv.fr\/wp-content\/uploads\/2016\/06\/DSC07253.jpg\" data-title=\"DSC07253\" title=\"DSC07253\" rel=\"noreferrer\" data-rel=\"iLightbox[gallery_image_1]\" class=\"fusion-lightbox\"><img decoding=\"async\" src=\"https:\/\/vita-gv.fr\/wp-content\/uploads\/2016\/06\/DSC07253-320x202.jpg\" width=\"320\" height=\"202\" alt=\"\" title=\"DSC07253\" aria-label=\"DSC07253\" class=\"img-responsive wp-image-3300 fusion-gallery-image-size-fixed\"  \/><\/a><\/div><\/div><div style=\"padding:5px;\" class=\"fusion-grid-column fusion-gallery-column fusion-gallery-column-4 hover-type-none\"><div class=\"fusion-gallery-image\"><a href=\"https:\/\/vita-gv.fr\/wp-content\/uploads\/2016\/06\/DSC07261.jpg\" data-title=\"DSC07261\" title=\"DSC07261\" rel=\"noreferrer\" data-rel=\"iLightbox[gallery_image_1]\" class=\"fusion-lightbox\"><img decoding=\"async\" src=\"https:\/\/vita-gv.fr\/wp-content\/uploads\/2016\/06\/DSC07261-320x202.jpg\" width=\"320\" height=\"202\" alt=\"\" title=\"DSC07261\" aria-label=\"DSC07261\" class=\"img-responsive wp-image-3301 fusion-gallery-image-size-fixed\"  \/><\/a><\/div><\/div><div class=\"clearfix\"><\/div><\/div><\/div><div class=\"fusion-separator fusion-full-width-sep\" style=\"align-self: center;margin-left: auto;margin-right: auto;margin-top:30px;width:100%;\"><div class=\"fusion-separator-border sep-double\" style=\"--awb-height:20px;--awb-amount:20px;border-color:#e0dede;border-top-width:0px;border-bottom-width:0px;\"><\/div><\/div><div class=\"fusion-text fusion-text-2\"><p style=\"text-align: right;\">\u00a0<span style=\"color: #000080;\"><strong>A bient\u00f4t pour d&rsquo;autres aventures<\/strong><\/span><\/p>\n<p style=\"text-align: right;\"><span style=\"color: #000080;\"><strong>Claire<\/strong><\/span><\/p>\n<\/div><\/div><\/div><\/div><\/div>\n","protected":false},"excerpt":{"rendered":"","protected":false},"author":1,"featured_media":3301,"comment_status":"closed","ping_status":"closed","sticky":false,"template":"","format":"standard","meta":{"footnotes":""},"categories":[3],"tags":[],"class_list":["post-2221","post","type-post","status-publish","format-standard","has-post-thumbnail","hentry","category-rdv"],"yoast_head":"<!-- This site is optimized with the Yoast SEO plugin v26.9 - https:\/\/yoast.com\/product\/yoast-seo-wordpress\/ -->\n<title>RANDONN\u00c9E DU 12 JUIN 2016 - For\u00eat de Saint-Germain-en-Laye - VITA-GV<\/title>\n<meta name=\"robots\" content=\"index, follow, max-snippet:-1, max-image-preview:large, max-video-preview:-1\" \/>\n<link rel=\"canonical\" href=\"https:\/\/vita-gv.fr\/index.php\/2016\/06\/27\/randonnee-du-12-juin-2016-foret-de-saint-germain-en-laye\/\" \/>\n<meta property=\"og:locale\" content=\"fr_FR\" \/>\n<meta property=\"og:type\" content=\"article\" \/>\n<meta property=\"og:title\" content=\"RANDONN\u00c9E DU 12 JUIN 2016 - For\u00eat de Saint-Germain-en-Laye - VITA-GV\" \/>\n<meta property=\"og:url\" content=\"https:\/\/vita-gv.fr\/index.php\/2016\/06\/27\/randonnee-du-12-juin-2016-foret-de-saint-germain-en-laye\/\" \/>\n<meta property=\"og:site_name\" content=\"VITA-GV\" \/>\n<meta property=\"article:published_time\" content=\"2016-06-27T11:41:22+00:00\" \/>\n<meta property=\"article:modified_time\" content=\"2018-04-04T20:36:05+00:00\" \/>\n<meta property=\"og:image\" content=\"https:\/\/vita-gv.fr\/wp-content\/uploads\/2016\/06\/DSC07261.jpg\" \/>\n\t<meta property=\"og:image:width\" content=\"640\" \/>\n\t<meta property=\"og:image:height\" content=\"480\" \/>\n\t<meta property=\"og:image:type\" content=\"image\/jpeg\" \/>\n<meta name=\"author\" content=\"admin5947\" \/>\n<meta name=\"twitter:card\" content=\"summary_large_image\" \/>\n<meta name=\"twitter:label1\" content=\"\u00c9crit par\" \/>\n\t<meta name=\"twitter:data1\" content=\"admin5947\" \/>\n\t<meta name=\"twitter:label2\" content=\"Dur\u00e9e de lecture estim\u00e9e\" \/>\n\t<meta name=\"twitter:data2\" content=\"1 minute\" \/>\n<script type=\"application\/ld+json\" class=\"yoast-schema-graph\">{\"@context\":\"https:\/\/schema.org\",\"@graph\":[{\"@type\":\"Article\",\"@id\":\"https:\/\/vita-gv.fr\/index.php\/2016\/06\/27\/randonnee-du-12-juin-2016-foret-de-saint-germain-en-laye\/#article\",\"isPartOf\":{\"@id\":\"https:\/\/vita-gv.fr\/index.php\/2016\/06\/27\/randonnee-du-12-juin-2016-foret-de-saint-germain-en-laye\/\"},\"author\":{\"name\":\"admin5947\",\"@id\":\"https:\/\/vita-gv.fr\/#\/schema\/person\/ec99f45ad7b80175458c6dc821c0eb6c\"},\"headline\":\"RANDONN\u00c9E DU 12 JUIN 2016 &#8211; For\u00eat de Saint-Germain-en-Laye\",\"datePublished\":\"2016-06-27T11:41:22+00:00\",\"dateModified\":\"2018-04-04T20:36:05+00:00\",\"mainEntityOfPage\":{\"@id\":\"https:\/\/vita-gv.fr\/index.php\/2016\/06\/27\/randonnee-du-12-juin-2016-foret-de-saint-germain-en-laye\/\"},\"wordCount\":295,\"publisher\":{\"@id\":\"https:\/\/vita-gv.fr\/#organization\"},\"image\":{\"@id\":\"https:\/\/vita-gv.fr\/index.php\/2016\/06\/27\/randonnee-du-12-juin-2016-foret-de-saint-germain-en-laye\/#primaryimage\"},\"thumbnailUrl\":\"https:\/\/vita-gv.fr\/wp-content\/uploads\/2016\/06\/DSC07261.jpg\",\"articleSection\":[\"RDV SPORTIFS &amp; CULTURELS\"],\"inLanguage\":\"fr-FR\"},{\"@type\":\"WebPage\",\"@id\":\"https:\/\/vita-gv.fr\/index.php\/2016\/06\/27\/randonnee-du-12-juin-2016-foret-de-saint-germain-en-laye\/\",\"url\":\"https:\/\/vita-gv.fr\/index.php\/2016\/06\/27\/randonnee-du-12-juin-2016-foret-de-saint-germain-en-laye\/\",\"name\":\"RANDONN\u00c9E DU 12 JUIN 2016 - For\u00eat de Saint-Germain-en-Laye - VITA-GV\",\"isPartOf\":{\"@id\":\"https:\/\/vita-gv.fr\/#website\"},\"primaryImageOfPage\":{\"@id\":\"https:\/\/vita-gv.fr\/index.php\/2016\/06\/27\/randonnee-du-12-juin-2016-foret-de-saint-germain-en-laye\/#primaryimage\"},\"image\":{\"@id\":\"https:\/\/vita-gv.fr\/index.php\/2016\/06\/27\/randonnee-du-12-juin-2016-foret-de-saint-germain-en-laye\/#primaryimage\"},\"thumbnailUrl\":\"https:\/\/vita-gv.fr\/wp-content\/uploads\/2016\/06\/DSC07261.jpg\",\"datePublished\":\"2016-06-27T11:41:22+00:00\",\"dateModified\":\"2018-04-04T20:36:05+00:00\",\"breadcrumb\":{\"@id\":\"https:\/\/vita-gv.fr\/index.php\/2016\/06\/27\/randonnee-du-12-juin-2016-foret-de-saint-germain-en-laye\/#breadcrumb\"},\"inLanguage\":\"fr-FR\",\"potentialAction\":[{\"@type\":\"ReadAction\",\"target\":[\"https:\/\/vita-gv.fr\/index.php\/2016\/06\/27\/randonnee-du-12-juin-2016-foret-de-saint-germain-en-laye\/\"]}]},{\"@type\":\"ImageObject\",\"inLanguage\":\"fr-FR\",\"@id\":\"https:\/\/vita-gv.fr\/index.php\/2016\/06\/27\/randonnee-du-12-juin-2016-foret-de-saint-germain-en-laye\/#primaryimage\",\"url\":\"https:\/\/vita-gv.fr\/wp-content\/uploads\/2016\/06\/DSC07261.jpg\",\"contentUrl\":\"https:\/\/vita-gv.fr\/wp-content\/uploads\/2016\/06\/DSC07261.jpg\",\"width\":640,\"height\":480},{\"@type\":\"BreadcrumbList\",\"@id\":\"https:\/\/vita-gv.fr\/index.php\/2016\/06\/27\/randonnee-du-12-juin-2016-foret-de-saint-germain-en-laye\/#breadcrumb\",\"itemListElement\":[{\"@type\":\"ListItem\",\"position\":1,\"name\":\"Accueil\",\"item\":\"https:\/\/vita-gv.fr\/\"},{\"@type\":\"ListItem\",\"position\":2,\"name\":\"RANDONN\u00c9E DU 12 JUIN 2016 &#8211; For\u00eat de Saint-Germain-en-Laye\"}]},{\"@type\":\"WebSite\",\"@id\":\"https:\/\/vita-gv.fr\/#website\",\"url\":\"https:\/\/vita-gv.fr\/\",\"name\":\"VITA-GV\",\"description\":\"Gymnastique volontaire de Vincennes\",\"publisher\":{\"@id\":\"https:\/\/vita-gv.fr\/#organization\"},\"potentialAction\":[{\"@type\":\"SearchAction\",\"target\":{\"@type\":\"EntryPoint\",\"urlTemplate\":\"https:\/\/vita-gv.fr\/?s={search_term_string}\"},\"query-input\":{\"@type\":\"PropertyValueSpecification\",\"valueRequired\":true,\"valueName\":\"search_term_string\"}}],\"inLanguage\":\"fr-FR\"},{\"@type\":\"Organization\",\"@id\":\"https:\/\/vita-gv.fr\/#organization\",\"name\":\"VITA-GV\",\"url\":\"https:\/\/vita-gv.fr\/\",\"logo\":{\"@type\":\"ImageObject\",\"inLanguage\":\"fr-FR\",\"@id\":\"https:\/\/vita-gv.fr\/#\/schema\/logo\/image\/\",\"url\":\"https:\/\/vita-gv.fr\/wp-content\/uploads\/2018\/04\/logo-QCLSS-17-21-A094002-COULEUR.jpeg\",\"contentUrl\":\"https:\/\/vita-gv.fr\/wp-content\/uploads\/2018\/04\/logo-QCLSS-17-21-A094002-COULEUR.jpeg\",\"width\":476,\"height\":693,\"caption\":\"VITA-GV\"},\"image\":{\"@id\":\"https:\/\/vita-gv.fr\/#\/schema\/logo\/image\/\"}},{\"@type\":\"Person\",\"@id\":\"https:\/\/vita-gv.fr\/#\/schema\/person\/ec99f45ad7b80175458c6dc821c0eb6c\",\"name\":\"admin5947\",\"image\":{\"@type\":\"ImageObject\",\"inLanguage\":\"fr-FR\",\"@id\":\"https:\/\/vita-gv.fr\/#\/schema\/person\/image\/\",\"url\":\"https:\/\/secure.gravatar.com\/avatar\/d7c35d0140468ac4063a5ac8fe7abd4764a6cd72fe33a534b055a084329bdcac?s=96&d=mm&r=g\",\"contentUrl\":\"https:\/\/secure.gravatar.com\/avatar\/d7c35d0140468ac4063a5ac8fe7abd4764a6cd72fe33a534b055a084329bdcac?s=96&d=mm&r=g\",\"caption\":\"admin5947\"},\"url\":\"https:\/\/vita-gv.fr\/index.php\/author\/admin5947\/\"}]}<\/script>\n<!-- \/ Yoast SEO plugin. -->","yoast_head_json":{"title":"RANDONN\u00c9E DU 12 JUIN 2016 - For\u00eat de Saint-Germain-en-Laye - VITA-GV","robots":{"index":"index","follow":"follow","max-snippet":"max-snippet:-1","max-image-preview":"max-image-preview:large","max-video-preview":"max-video-preview:-1"},"canonical":"https:\/\/vita-gv.fr\/index.php\/2016\/06\/27\/randonnee-du-12-juin-2016-foret-de-saint-germain-en-laye\/","og_locale":"fr_FR","og_type":"article","og_title":"RANDONN\u00c9E DU 12 JUIN 2016 - For\u00eat de Saint-Germain-en-Laye - VITA-GV","og_url":"https:\/\/vita-gv.fr\/index.php\/2016\/06\/27\/randonnee-du-12-juin-2016-foret-de-saint-germain-en-laye\/","og_site_name":"VITA-GV","article_published_time":"2016-06-27T11:41:22+00:00","article_modified_time":"2018-04-04T20:36:05+00:00","og_image":[{"width":640,"height":480,"url":"https:\/\/vita-gv.fr\/wp-content\/uploads\/2016\/06\/DSC07261.jpg","type":"image\/jpeg"}],"author":"admin5947","twitter_card":"summary_large_image","twitter_misc":{"\u00c9crit par":"admin5947","Dur\u00e9e de lecture estim\u00e9e":"1 minute"},"schema":{"@context":"https:\/\/schema.org","@graph":[{"@type":"Article","@id":"https:\/\/vita-gv.fr\/index.php\/2016\/06\/27\/randonnee-du-12-juin-2016-foret-de-saint-germain-en-laye\/#article","isPartOf":{"@id":"https:\/\/vita-gv.fr\/index.php\/2016\/06\/27\/randonnee-du-12-juin-2016-foret-de-saint-germain-en-laye\/"},"author":{"name":"admin5947","@id":"https:\/\/vita-gv.fr\/#\/schema\/person\/ec99f45ad7b80175458c6dc821c0eb6c"},"headline":"RANDONN\u00c9E DU 12 JUIN 2016 &#8211; For\u00eat de Saint-Germain-en-Laye","datePublished":"2016-06-27T11:41:22+00:00","dateModified":"2018-04-04T20:36:05+00:00","mainEntityOfPage":{"@id":"https:\/\/vita-gv.fr\/index.php\/2016\/06\/27\/randonnee-du-12-juin-2016-foret-de-saint-germain-en-laye\/"},"wordCount":295,"publisher":{"@id":"https:\/\/vita-gv.fr\/#organization"},"image":{"@id":"https:\/\/vita-gv.fr\/index.php\/2016\/06\/27\/randonnee-du-12-juin-2016-foret-de-saint-germain-en-laye\/#primaryimage"},"thumbnailUrl":"https:\/\/vita-gv.fr\/wp-content\/uploads\/2016\/06\/DSC07261.jpg","articleSection":["RDV SPORTIFS &amp; CULTURELS"],"inLanguage":"fr-FR"},{"@type":"WebPage","@id":"https:\/\/vita-gv.fr\/index.php\/2016\/06\/27\/randonnee-du-12-juin-2016-foret-de-saint-germain-en-laye\/","url":"https:\/\/vita-gv.fr\/index.php\/2016\/06\/27\/randonnee-du-12-juin-2016-foret-de-saint-germain-en-laye\/","name":"RANDONN\u00c9E DU 12 JUIN 2016 - For\u00eat de Saint-Germain-en-Laye - VITA-GV","isPartOf":{"@id":"https:\/\/vita-gv.fr\/#website"},"primaryImageOfPage":{"@id":"https:\/\/vita-gv.fr\/index.php\/2016\/06\/27\/randonnee-du-12-juin-2016-foret-de-saint-germain-en-laye\/#primaryimage"},"image":{"@id":"https:\/\/vita-gv.fr\/index.php\/2016\/06\/27\/randonnee-du-12-juin-2016-foret-de-saint-germain-en-laye\/#primaryimage"},"thumbnailUrl":"https:\/\/vita-gv.fr\/wp-content\/uploads\/2016\/06\/DSC07261.jpg","datePublished":"2016-06-27T11:41:22+00:00","dateModified":"2018-04-04T20:36:05+00:00","breadcrumb":{"@id":"https:\/\/vita-gv.fr\/index.php\/2016\/06\/27\/randonnee-du-12-juin-2016-foret-de-saint-germain-en-laye\/#breadcrumb"},"inLanguage":"fr-FR","potentialAction":[{"@type":"ReadAction","target":["https:\/\/vita-gv.fr\/index.php\/2016\/06\/27\/randonnee-du-12-juin-2016-foret-de-saint-germain-en-laye\/"]}]},{"@type":"ImageObject","inLanguage":"fr-FR","@id":"https:\/\/vita-gv.fr\/index.php\/2016\/06\/27\/randonnee-du-12-juin-2016-foret-de-saint-germain-en-laye\/#primaryimage","url":"https:\/\/vita-gv.fr\/wp-content\/uploads\/2016\/06\/DSC07261.jpg","contentUrl":"https:\/\/vita-gv.fr\/wp-content\/uploads\/2016\/06\/DSC07261.jpg","width":640,"height":480},{"@type":"BreadcrumbList","@id":"https:\/\/vita-gv.fr\/index.php\/2016\/06\/27\/randonnee-du-12-juin-2016-foret-de-saint-germain-en-laye\/#breadcrumb","itemListElement":[{"@type":"ListItem","position":1,"name":"Accueil","item":"https:\/\/vita-gv.fr\/"},{"@type":"ListItem","position":2,"name":"RANDONN\u00c9E DU 12 JUIN 2016 &#8211; For\u00eat de Saint-Germain-en-Laye"}]},{"@type":"WebSite","@id":"https:\/\/vita-gv.fr\/#website","url":"https:\/\/vita-gv.fr\/","name":"VITA-GV","description":"Gymnastique volontaire de Vincennes","publisher":{"@id":"https:\/\/vita-gv.fr\/#organization"},"potentialAction":[{"@type":"SearchAction","target":{"@type":"EntryPoint","urlTemplate":"https:\/\/vita-gv.fr\/?s={search_term_string}"},"query-input":{"@type":"PropertyValueSpecification","valueRequired":true,"valueName":"search_term_string"}}],"inLanguage":"fr-FR"},{"@type":"Organization","@id":"https:\/\/vita-gv.fr\/#organization","name":"VITA-GV","url":"https:\/\/vita-gv.fr\/","logo":{"@type":"ImageObject","inLanguage":"fr-FR","@id":"https:\/\/vita-gv.fr\/#\/schema\/logo\/image\/","url":"https:\/\/vita-gv.fr\/wp-content\/uploads\/2018\/04\/logo-QCLSS-17-21-A094002-COULEUR.jpeg","contentUrl":"https:\/\/vita-gv.fr\/wp-content\/uploads\/2018\/04\/logo-QCLSS-17-21-A094002-COULEUR.jpeg","width":476,"height":693,"caption":"VITA-GV"},"image":{"@id":"https:\/\/vita-gv.fr\/#\/schema\/logo\/image\/"}},{"@type":"Person","@id":"https:\/\/vita-gv.fr\/#\/schema\/person\/ec99f45ad7b80175458c6dc821c0eb6c","name":"admin5947","image":{"@type":"ImageObject","inLanguage":"fr-FR","@id":"https:\/\/vita-gv.fr\/#\/schema\/person\/image\/","url":"https:\/\/secure.gravatar.com\/avatar\/d7c35d0140468ac4063a5ac8fe7abd4764a6cd72fe33a534b055a084329bdcac?s=96&d=mm&r=g","contentUrl":"https:\/\/secure.gravatar.com\/avatar\/d7c35d0140468ac4063a5ac8fe7abd4764a6cd72fe33a534b055a084329bdcac?s=96&d=mm&r=g","caption":"admin5947"},"url":"https:\/\/vita-gv.fr\/index.php\/author\/admin5947\/"}]}},"_links":{"self":[{"href":"https:\/\/vita-gv.fr\/index.php\/wp-json\/wp\/v2\/posts\/2221","targetHints":{"allow":["GET"]}}],"collection":[{"href":"https:\/\/vita-gv.fr\/index.php\/wp-json\/wp\/v2\/posts"}],"about":[{"href":"https:\/\/vita-gv.fr\/index.php\/wp-json\/wp\/v2\/types\/post"}],"author":[{"embeddable":true,"href":"https:\/\/vita-gv.fr\/index.php\/wp-json\/wp\/v2\/users\/1"}],"replies":[{"embeddable":true,"href":"https:\/\/vita-gv.fr\/index.php\/wp-json\/wp\/v2\/comments?post=2221"}],"version-history":[{"count":6,"href":"https:\/\/vita-gv.fr\/index.php\/wp-json\/wp\/v2\/posts\/2221\/revisions"}],"predecessor-version":[{"id":3395,"href":"https:\/\/vita-gv.fr\/index.php\/wp-json\/wp\/v2\/posts\/2221\/revisions\/3395"}],"wp:featuredmedia":[{"embeddable":true,"href":"https:\/\/vita-gv.fr\/index.php\/wp-json\/wp\/v2\/media\/3301"}],"wp:attachment":[{"href":"https:\/\/vita-gv.fr\/index.php\/wp-json\/wp\/v2\/media?parent=2221"}],"wp:term":[{"taxonomy":"category","embeddable":true,"href":"https:\/\/vita-gv.fr\/index.php\/wp-json\/wp\/v2\/categories?post=2221"},{"taxonomy":"post_tag","embeddable":true,"href":"https:\/\/vita-gv.fr\/index.php\/wp-json\/wp\/v2\/tags?post=2221"}],"curies":[{"name":"wp","href":"https:\/\/api.w.org\/{rel}","templated":true}]}}